{"id":1007,"date":"2021-04-08T09:57:36","date_gmt":"2021-04-08T07:57:36","guid":{"rendered":"https:\/\/liceuldarmanesti.ro\/edu\/?p=1007"},"modified":"2021-04-08T09:57:56","modified_gmt":"2021-04-08T07:57:56","slug":"h-3-3-hotarare-repartizare-ore-religie-penticostala-11-09-2020","status":"publish","type":"post","link":"https:\/\/liceuldarmanesti.ro\/edu\/h-3-3-hotarare-repartizare-ore-religie-penticostala-11-09-2020\/","title":{"rendered":"H 3.3 Hotar\u00e2re repartizare ore religie penticostala \/ 11.09.2020"},"content":{"rendered":"\n<p><strong>Consiliul de Administra\u0163ie al\u00a0Liceului Tehnologic D\u0103rm\u0103ne\u0219ti<\/strong><\/p>\n\n\n\n<p><strong>HO<\/strong><strong>T\u0102R\u00c2RE<\/strong><\/p>\n\n\n\n<p><strong>Privind aprobarea ocup\u0103rii orelor de religie penticostal\u0103 \u00een regim de plata cu&nbsp;&nbsp;ora<\/strong><\/p>\n\n\n\n<p>Consiliul de Administra\u0163ie al&nbsp;Liceului Tehnologic D\u0103rm\u0103ne\u0219ti<strong>&nbsp;<\/strong>\u00eentrunit \u00een \u015fedin\u0163\u0103 ordinar\u0103,<\/p>\n\n\n\n<ul class=\"wp-block-list\"><li>Lu\u00e2nd \u00een considerare,<\/li><li>&nbsp;Art.93,&nbsp;&nbsp;96 din Legea educa\u021biei na\u021bionale nr. 1\/2011,<\/li><\/ul>\n\n\n\n<p>Av\u00e2nd in vedere:&nbsp;<\/p>\n\n\n\n<ul class=\"wp-block-list\"><li>Regulamentul cadru de organizare \u0219i func\u021bionare a unit\u0103\u021bilor de \u00eenv\u0103\u021b\u0103m\u00e2nt preuniversitar 2016&nbsp;aprobat prin OMEC&nbsp;&nbsp;nr. 5447\/ 31.08.2020;<\/li><li>Metodologia &#8211; cadru privind mobilitatea personalului didactic de predare din \u00eenv\u0103\u0163\u0103m\u00e2ntul preuniversitar \u00een anul \u015fcolar 2020-2021,&nbsp;Anex\u0103 la ordinul ministrului educa\u0163iei \u0219i cercet\u0103rii nr. 5259\/12.11.2019&nbsp;&nbsp;cu modific\u0103rile \u0219i complet\u0103rle ulterioare;<\/li><\/ul>\n\n\n\n<ul class=\"wp-block-list\"><li>Potrivit prevederilor art. 10 \u2013 12, art. 14 alin.(1) din Metodologia \u2013 cadru&nbsp;de organizare \u015fi func\u0163ionare&nbsp;&nbsp;a consiliului de administra\u0163ie din unit\u0103\u0163ile de \u00eenv\u0103\u0163\u0103m\u00e2nt preuniversitar, aprobat\u0103 prin OMEN nr. 4619 din 22 septembrie 2014 cu modific\u0103rile \u0219i complet\u0103rile ulterioare,<\/li><li>Neocuparea orelor \u00een \u0219edin\u021bele publice p\u00e2n\u0103 la \u00eenceperea anului \u0219colar<\/li><\/ul>\n\n\n\n<ul class=\"wp-block-list\"><li>Procesul-verbal de \u0219edint\u0103 al Consiliului de administra\u021bie;<\/li><\/ul>\n\n\n\n<p><strong>HOT\u0102R\u0102\u015eTE<\/strong><\/p>\n\n\n\n<p><strong>Art.1<\/strong>&nbsp;\u2013 Aprobarea ocup\u0103rii orelor de religie penticostal\u0103 (2 ore) \u00een regim de plata cu ora&nbsp;&nbsp;pe&nbsp;&nbsp;o durata de 30 zile de c[tre d-l pastor Ficu Constantin.<\/p>\n\n\n\n<p><strong><u>Art.2<\/u><\/strong><strong>.&nbsp;<\/strong>Cu ducerea la indeplinire a prezentei hot\u0103r\u00e2ri se \u00eencredin\u021beaz\u0103 serviciului secretariat \u2013 responsabil, Cotfas Manuela \u0219i serviciul contabilitate.&nbsp;<\/p>\n\n\n\n<p>&nbsp;&nbsp;&nbsp;&nbsp;&nbsp;&nbsp;&nbsp;&nbsp;&nbsp;&nbsp;&nbsp;&nbsp;&nbsp;&nbsp;&nbsp;&nbsp;&nbsp;&nbsp;&nbsp;&nbsp;&nbsp;&nbsp;&nbsp;&nbsp;&nbsp;&nbsp;&nbsp;&nbsp;&nbsp;&nbsp;&nbsp;&nbsp;&nbsp;&nbsp;&nbsp;&nbsp;&nbsp;&nbsp;&nbsp;&nbsp;&nbsp;&nbsp;&nbsp;&nbsp;&nbsp;&nbsp;&nbsp;&nbsp;&nbsp;&nbsp;&nbsp;&nbsp;&nbsp;&nbsp;&nbsp;&nbsp;&nbsp;&nbsp;&nbsp;&nbsp;&nbsp;&nbsp;&nbsp;&nbsp;&nbsp;&nbsp;&nbsp;&nbsp;&nbsp;&nbsp;&nbsp;&nbsp;&nbsp;&nbsp;&nbsp;&nbsp;&nbsp;&nbsp;&nbsp;&nbsp;&nbsp;&nbsp;&nbsp;&nbsp;Pre\u015fedinte C.A.<\/p>\n\n\n\n<p>&nbsp;&nbsp;&nbsp;&nbsp;&nbsp;&nbsp;&nbsp;&nbsp;&nbsp;&nbsp;&nbsp;&nbsp;&nbsp;&nbsp;&nbsp;&nbsp;&nbsp;&nbsp;&nbsp;&nbsp;&nbsp;&nbsp;&nbsp;&nbsp;&nbsp;&nbsp;&nbsp;&nbsp;&nbsp;&nbsp;&nbsp;&nbsp;&nbsp;&nbsp;&nbsp;&nbsp;&nbsp;&nbsp;&nbsp;&nbsp;&nbsp;&nbsp;&nbsp;&nbsp;&nbsp;&nbsp;&nbsp;&nbsp;&nbsp;&nbsp;&nbsp;&nbsp;&nbsp;&nbsp;&nbsp;&nbsp;&nbsp;&nbsp;&nbsp;&nbsp;&nbsp;&nbsp;&nbsp;&nbsp;&nbsp;&nbsp;&nbsp;&nbsp;&nbsp;&nbsp;&nbsp;&nbsp;&nbsp;&nbsp;&nbsp;&nbsp;&nbsp;&nbsp;Prof. Asandei Maria<\/p>\n\n\n\n<p>Nr.&nbsp;&nbsp;3.3&nbsp;&nbsp;&nbsp;din 11.09.2020<\/p>\n\n\n\n<p>( hot\u0103r\u00e2rea a fost adoptat\u0103 cu 14 voturi)<\/p>\n","protected":false},"excerpt":{"rendered":"<p>Consiliul de Administra\u0163ie al\u00a0Liceului Tehnologic D\u0103rm\u0103ne\u0219ti HOT\u0102R\u00c2RE Privind aprobarea ocup\u0103rii orelor de religie penticostal\u0103 \u00een regim de plata cu&nbsp;&nbsp;ora Consiliul &hellip; <\/p>\n","protected":false},"author":1,"featured_media":0,"comment_status":"open","ping_status":"open","sticky":false,"template":"","format":"standard","meta":{"footnotes":""},"categories":[14],"tags":[],"class_list":["post-1007","post","type-post","status-publish","format-standard","hentry","category-hotarari-ca"],"_links":{"self":[{"href":"https:\/\/liceuldarmanesti.ro\/edu\/wp-json\/wp\/v2\/posts\/1007","targetHints":{"allow":["GET"]}}],"collection":[{"href":"https:\/\/liceuldarmanesti.ro\/edu\/wp-json\/wp\/v2\/posts"}],"about":[{"href":"https:\/\/liceuldarmanesti.ro\/edu\/wp-json\/wp\/v2\/types\/post"}],"author":[{"embeddable":true,"href":"https:\/\/liceuldarmanesti.ro\/edu\/wp-json\/wp\/v2\/users\/1"}],"replies":[{"embeddable":true,"href":"https:\/\/liceuldarmanesti.ro\/edu\/wp-json\/wp\/v2\/comments?post=1007"}],"version-history":[{"count":0,"href":"https:\/\/liceuldarmanesti.ro\/edu\/wp-json\/wp\/v2\/posts\/1007\/revisions"}],"wp:attachment":[{"href":"https:\/\/liceuldarmanesti.ro\/edu\/wp-json\/wp\/v2\/media?parent=1007"}],"wp:term":[{"taxonomy":"category","embeddable":true,"href":"https:\/\/liceuldarmanesti.ro\/edu\/wp-json\/wp\/v2\/categories?post=1007"},{"taxonomy":"post_tag","embeddable":true,"href":"https:\/\/liceuldarmanesti.ro\/edu\/wp-json\/wp\/v2\/tags?post=1007"}],"curies":[{"name":"wp","href":"https:\/\/api.w.org\/{rel}","templated":true}]}}