{"id":1040,"date":"2021-04-13T05:53:25","date_gmt":"2021-04-13T03:53:25","guid":{"rendered":"https:\/\/liceuldarmanesti.ro\/edu\/?p=1040"},"modified":"2021-04-13T05:53:26","modified_gmt":"2021-04-13T03:53:26","slug":"h-4-8-hotarare-privind-achizitionarea-de-separatoare-18-09-2020","status":"publish","type":"post","link":"https:\/\/liceuldarmanesti.ro\/edu\/h-4-8-hotarare-privind-achizitionarea-de-separatoare-18-09-2020\/","title":{"rendered":"H 4.8 Hotarare privind  achizitionarea de separatoare \/ 18.09.2020"},"content":{"rendered":"\n<p><strong>Consiliul de Administra\u0163ie al<\/strong> <strong>Liceului Tehnologic D\u0103rm\u0103ne\u0219ti<\/strong><\/p>\n\n\n\n<p><strong>HO<\/strong><strong>T\u0102R\u00c2RE<\/strong><\/p>\n\n\n\n<p><strong>Privind achizi\u021bionarea de separatoare \u0219i rectificarea bugetar\u0103<\/strong><\/p>\n\n\n\n<p>Consiliul de Administra\u0163ie al Liceului Tehnologic D\u0103rm\u0103ne\u0219t i\u00eentrunit \u00een \u015fedin\u0163\u0103 ordinar\u0103,<\/p>\n\n\n\n<ul class=\"wp-block-list\"><li>Lu\u00e2nd \u00een considerare,<\/li><li>&nbsp;Art.93,&nbsp; 96 din Legea educa\u021biei na\u021bionale nr. 1\/2011,<\/li><\/ul>\n\n\n\n<p>Av\u00e2nd in vedere:<\/p>\n\n\n\n<ul class=\"wp-block-list\"><li>Art.21, 22 din Regulamentul cadru de organizare \u0219i func\u021bionare a unit\u0103\u021bilor de \u00eenv\u0103\u021b\u0103m\u00e2nt preuniversitar 2020 aprobat prin OMEC&nbsp; nr. 5447\/ 31.08.2020;<\/li><li>Ordinul comun nr. 5.487\/1.494\/2020 pentru aprobarea m\u0103surilor de organizare a activit\u0103\u0163ii \u00een cadrul unit\u0103\u0163ilor\/institu\u0163iilor de \u00eenv\u0103\u0163\u0103m\u00e2nt \u00een condi\u0163ii de siguran\u0163\u0103 epidemiologic\u0103 pentru prevenirea \u00eemboln\u0103virilor cu virusul SARS-CoV-2<\/li><li>Potrivit prevederilor art. 10 \u2013 12, art. 14 alin.(1) din Metodologia \u2013 cadru de organizare \u015fi func\u0163ionare&nbsp; a consiliului de administra\u0163ie din unit\u0103\u0163ile de \u00eenv\u0103\u0163\u0103m\u00e2nt preuniversitar, aprobat\u0103 prin OMEN nr. 4619 din 22 septembrie 2014 cu modific\u0103rile \u0219i complet\u0103rile ulterioare,<\/li><\/ul>\n\n\n\n<ul class=\"wp-block-list\"><li>Procesul-verbal de \u0219edint\u0103 al Consiliului de administra\u021bie;<\/li><\/ul>\n\n\n\n<p><strong>HOT\u0102R\u0102\u015eTE<\/strong><\/p>\n\n\n\n<p><strong>Art.1<\/strong> \u2013 Aprobarea achizi\u021bion\u0103rii de separatoare pentru a asigurarea distan\u021b\u0103rii elevilor,astfel \u00eenc\u00e2t s\u0103 fie prezen\u021bi fizic la cursuri, \u00een condi\u021biile pandemiei cu COVID19.<\/p>\n\n\n\n<p><strong>Art.2 \u2013<\/strong> Aprobarea propunerii unei rectific\u0103ri bugetare necesare achizi\u021bion\u0103rii acestor separatoare, suma necesar\u0103 fiind alocat\u0103 de Consiliul local.<\/p>\n\n\n\n<p><strong>Art.3- <\/strong>Cu ducerea la indeplinire a prezentei hot\u0103r\u00e2ri se \u00eencredin\u021beaz\u0103 serviciului administrativ \u0219i serviciul contabilitate.<\/p>\n\n\n\n<p>&nbsp;&nbsp;&nbsp;&nbsp;&nbsp;&nbsp;&nbsp;&nbsp;&nbsp;&nbsp;&nbsp;&nbsp;&nbsp;&nbsp;&nbsp;&nbsp;&nbsp;&nbsp;&nbsp;&nbsp;&nbsp;&nbsp;&nbsp;&nbsp;&nbsp;&nbsp;&nbsp;&nbsp;&nbsp;&nbsp;&nbsp;&nbsp;&nbsp;&nbsp;&nbsp;&nbsp;&nbsp;&nbsp;&nbsp;&nbsp;&nbsp;&nbsp;&nbsp;&nbsp;&nbsp;&nbsp;&nbsp;&nbsp;&nbsp;&nbsp;&nbsp;&nbsp;&nbsp;&nbsp;&nbsp;&nbsp;&nbsp;&nbsp;&nbsp;&nbsp;&nbsp;&nbsp;&nbsp;&nbsp;&nbsp;&nbsp;&nbsp;&nbsp;&nbsp;&nbsp;&nbsp;&nbsp;&nbsp;&nbsp;&nbsp;&nbsp;&nbsp;&nbsp;&nbsp;&nbsp; &nbsp;&nbsp; Pre\u015fedinte C.A.<\/p>\n\n\n\n<p>&nbsp;&nbsp;&nbsp;&nbsp;&nbsp;&nbsp;&nbsp;&nbsp;&nbsp;&nbsp;&nbsp;&nbsp;&nbsp;&nbsp;&nbsp;&nbsp;&nbsp;&nbsp;&nbsp;&nbsp;&nbsp;&nbsp;&nbsp;&nbsp;&nbsp;&nbsp;&nbsp;&nbsp;&nbsp;&nbsp;&nbsp;&nbsp;&nbsp;&nbsp;&nbsp;&nbsp;&nbsp;&nbsp;&nbsp;&nbsp;&nbsp;&nbsp;&nbsp;&nbsp;&nbsp;&nbsp;&nbsp;&nbsp;&nbsp;&nbsp;&nbsp;&nbsp;&nbsp;&nbsp;&nbsp;&nbsp;&nbsp;&nbsp;&nbsp;&nbsp;&nbsp;&nbsp;&nbsp;&nbsp;&nbsp;&nbsp;&nbsp;&nbsp;&nbsp;&nbsp;&nbsp; &nbsp;&nbsp;&nbsp;&nbsp;&nbsp; Prof. Asandei Maria<\/p>\n\n\n\n<p>Nr.&nbsp; 4.8&nbsp;&nbsp; din 18.09.2020<\/p>\n\n\n\n<p>( hot\u0103r\u00e2rea a fost adoptat\u0103 cu 14 voturi)<\/p>\n","protected":false},"excerpt":{"rendered":"<p>Consiliul de Administra\u0163ie al Liceului Tehnologic D\u0103rm\u0103ne\u0219ti HOT\u0102R\u00c2RE Privind achizi\u021bionarea de separatoare \u0219i rectificarea bugetar\u0103 Consiliul de Administra\u0163ie al Liceului &hellip; <\/p>\n","protected":false},"author":1,"featured_media":0,"comment_status":"open","ping_status":"open","sticky":false,"template":"","format":"standard","meta":{"footnotes":""},"categories":[14],"tags":[],"class_list":["post-1040","post","type-post","status-publish","format-standard","hentry","category-hotarari-ca"],"_links":{"self":[{"href":"https:\/\/liceuldarmanesti.ro\/edu\/wp-json\/wp\/v2\/posts\/1040","targetHints":{"allow":["GET"]}}],"collection":[{"href":"https:\/\/liceuldarmanesti.ro\/edu\/wp-json\/wp\/v2\/posts"}],"about":[{"href":"https:\/\/liceuldarmanesti.ro\/edu\/wp-json\/wp\/v2\/types\/post"}],"author":[{"embeddable":true,"href":"https:\/\/liceuldarmanesti.ro\/edu\/wp-json\/wp\/v2\/users\/1"}],"replies":[{"embeddable":true,"href":"https:\/\/liceuldarmanesti.ro\/edu\/wp-json\/wp\/v2\/comments?post=1040"}],"version-history":[{"count":0,"href":"https:\/\/liceuldarmanesti.ro\/edu\/wp-json\/wp\/v2\/posts\/1040\/revisions"}],"wp:attachment":[{"href":"https:\/\/liceuldarmanesti.ro\/edu\/wp-json\/wp\/v2\/media?parent=1040"}],"wp:term":[{"taxonomy":"category","embeddable":true,"href":"https:\/\/liceuldarmanesti.ro\/edu\/wp-json\/wp\/v2\/categories?post=1040"},{"taxonomy":"post_tag","embeddable":true,"href":"https:\/\/liceuldarmanesti.ro\/edu\/wp-json\/wp\/v2\/tags?post=1040"}],"curies":[{"name":"wp","href":"https:\/\/api.w.org\/{rel}","templated":true}]}}