{"id":1109,"date":"2021-04-14T08:24:11","date_gmt":"2021-04-14T06:24:11","guid":{"rendered":"https:\/\/liceuldarmanesti.ro\/edu\/?p=1109"},"modified":"2021-04-14T08:24:19","modified_gmt":"2021-04-14T06:24:19","slug":"h-8-2-rivind-aprobarea-suplinirii-concediilor-medicale-02-11-2020","status":"publish","type":"post","link":"https:\/\/liceuldarmanesti.ro\/edu\/h-8-2-rivind-aprobarea-suplinirii-concediilor-medicale-02-11-2020\/","title":{"rendered":"H 8.2 privind aprobarea suplinirii concediilor medicale \/ 02.11.2020"},"content":{"rendered":"\n<p><strong>Consiliul de Administra\u0163ie al\u00a0Liceului Tehnologic D\u0103rm\u0103ne\u0219ti<\/strong><\/p>\n\n\n\n<p><strong>HO<\/strong><strong>T\u0102R\u00c2RE<\/strong><\/p>\n\n\n\n<p><strong>privind aprobarea suplinirii concediilor medicale<\/strong><\/p>\n\n\n\n<p>Consiliul de Administra\u0163ie al&nbsp;<strong>Liceului Tehnologic D\u0103rm\u0103ne\u0219ti&nbsp;<\/strong>\u00eentrunit \u00een \u015fedin\u0163\u0103&nbsp;&nbsp;ordinar\u0103,<\/p>\n\n\n\n<p>Av\u00e2nd in vedere:<\/p>\n\n\n\n<ul class=\"wp-block-list\"><li>Legea educa\u021biei na\u021bionale nr. 1\/2011,&nbsp;&nbsp;art 93, 96,&nbsp;&nbsp;cu complet\u0103rile \u0219i modific\u0103rile ulterioare;<\/li><li>Regulamentul cadru de organizare \u0219i func\u021bionare a unit\u0103\u021bilor de \u00eenv\u0103\u021b\u0103m\u00e2nt preuniversitar aprobat prin OMEC 5447\/2020;<\/li><li>Procesul-verbal de \u0219edin\u021b\u0103 al Consiliului de administra\u021bie din 02.11.2020;<\/li><\/ul>\n\n\n\n<p>Potrivit prevederilor art. 10 \u2013 12, art. 14 alin.(1) din Metodologia \u2013 cadru de organizare \u015fi func\u0163ionare&nbsp;&nbsp;a consiliului de administra\u0163ie din unit\u0103\u0163ile de \u00eenv\u0103\u0163\u0103m\u00e2nt preuniversitar, aprobat\u0103 prin OMEN nr. 4619 din 22 septembrie 2014 cu modific\u0103rile ulterioare<\/p>\n\n\n\n<p><strong><u>HOT\u0102R\u0102\u0218TE:<\/u><\/strong><\/p>\n\n\n\n<p><strong><u>Art.1<\/u><\/strong>\u00a0Avand \u00een vedere prelungirea CM \u0219i\u00a0\u00a0neocuparea \u00een \u0219edin\u021ba public\u0103 se aprob\u0103\u00a0suplinirea\u00a0\u00a0concediului medical al d-nei IM de c\u0103tre dna SM p\u00e2n\u0103 la revenirea titularei la post.<\/p>\n\n\n\n<p><strong><u>\u00a0Art.2<\/u><\/strong>\u00a0Se aprob\u0103 suplinirea CM al d-nei prof. MS dec\u0103tre d-na prof. RR.<\/p>\n\n\n\n<p><strong><u>Art.3&nbsp;<\/u><\/strong>Conducerea unit\u0103\u021bii&nbsp;&nbsp;\u0219i serviciulsecretariat vor duce la \u00eendeplinirea prezentei hot\u0103r\u00e2ri.<\/p>\n\n\n\n<p>PRE\u0218EDINTE&nbsp;&nbsp;CA,<\/p>\n\n\n\n<p>Director prof. Asandei Maria<\/p>\n\n\n\n<p>&nbsp;Hot\u0103r\u00e2rea Nr. 8.2&nbsp;&nbsp;din 02.11.2020<\/p>\n\n\n\n<p>( hot\u0103r\u00e2rea a fost adoptat\u0103 cu 15 voturi)<\/p>\n","protected":false},"excerpt":{"rendered":"<p>Consiliul de Administra\u0163ie al\u00a0Liceului Tehnologic D\u0103rm\u0103ne\u0219ti HOT\u0102R\u00c2RE privind aprobarea suplinirii concediilor medicale Consiliul de Administra\u0163ie al&nbsp;Liceului Tehnologic D\u0103rm\u0103ne\u0219ti&nbsp;\u00eentrunit \u00een \u015fedin\u0163\u0103&nbsp;&nbsp;ordinar\u0103, &hellip; <\/p>\n","protected":false},"author":1,"featured_media":0,"comment_status":"open","ping_status":"open","sticky":false,"template":"","format":"standard","meta":{"footnotes":""},"categories":[14],"tags":[],"class_list":["post-1109","post","type-post","status-publish","format-standard","hentry","category-hotarari-ca"],"_links":{"self":[{"href":"https:\/\/liceuldarmanesti.ro\/edu\/wp-json\/wp\/v2\/posts\/1109","targetHints":{"allow":["GET"]}}],"collection":[{"href":"https:\/\/liceuldarmanesti.ro\/edu\/wp-json\/wp\/v2\/posts"}],"about":[{"href":"https:\/\/liceuldarmanesti.ro\/edu\/wp-json\/wp\/v2\/types\/post"}],"author":[{"embeddable":true,"href":"https:\/\/liceuldarmanesti.ro\/edu\/wp-json\/wp\/v2\/users\/1"}],"replies":[{"embeddable":true,"href":"https:\/\/liceuldarmanesti.ro\/edu\/wp-json\/wp\/v2\/comments?post=1109"}],"version-history":[{"count":0,"href":"https:\/\/liceuldarmanesti.ro\/edu\/wp-json\/wp\/v2\/posts\/1109\/revisions"}],"wp:attachment":[{"href":"https:\/\/liceuldarmanesti.ro\/edu\/wp-json\/wp\/v2\/media?parent=1109"}],"wp:term":[{"taxonomy":"category","embeddable":true,"href":"https:\/\/liceuldarmanesti.ro\/edu\/wp-json\/wp\/v2\/categories?post=1109"},{"taxonomy":"post_tag","embeddable":true,"href":"https:\/\/liceuldarmanesti.ro\/edu\/wp-json\/wp\/v2\/tags?post=1109"}],"curies":[{"name":"wp","href":"https:\/\/api.w.org\/{rel}","templated":true}]}}