{"id":1132,"date":"2021-04-14T08:42:21","date_gmt":"2021-04-14T06:42:21","guid":{"rendered":"https:\/\/liceuldarmanesti.ro\/edu\/?p=1132"},"modified":"2021-04-14T08:42:22","modified_gmt":"2021-04-14T06:42:22","slug":"h-11-1-privind-modificarea-consiliului-de-administratie-al-liceului-tehnologic-darmanesti-20-11-2020","status":"publish","type":"post","link":"https:\/\/liceuldarmanesti.ro\/edu\/h-11-1-privind-modificarea-consiliului-de-administratie-al-liceului-tehnologic-darmanesti-20-11-2020\/","title":{"rendered":"H 11.1 privind modificarea  Consiliului de Administra\u021bie  al Liceului Tehnologic D\u0103rm\u0103ne\u0219ti \/ 20.11.2020"},"content":{"rendered":"\n<p><strong>Consiliul de Administra\u0163ie al Liceului Tehnologic D\u0103rm\u0103ne\u0219ti<\/strong><\/p>\n\n\n\n<p><strong>HO<\/strong><strong>T\u0102R\u00c2RE<\/strong><\/p>\n\n\n\n<p><strong>privind modificarea&nbsp;&nbsp;Consiliului de Administra\u021bie&nbsp;&nbsp;al<\/strong><strong>&nbsp;Liceului Tehnologic D\u0103rm\u0103ne\u0219ti<\/strong><strong><\/strong><\/p>\n\n\n\n<p>Consiliul de Administra\u0163ie al&nbsp;<strong>Liceului Tehnologic D\u0103rm\u0103ne\u0219ti&nbsp;<\/strong>\u00eentrunit \u00een \u015fedin\u0163\u0103 extraordinar\u0103,<\/p>\n\n\n\n<ul class=\"wp-block-list\"><li>Lu\u00e2nd \u00een considerare,<\/li><li>&nbsp;Art.&nbsp;&nbsp;96 din Legea educa\u021biei na\u021bionale nr. 1\/2011,<\/li><\/ul>\n\n\n\n<p><strong>Av\u00e2nd in vedere:&nbsp;<\/strong><\/p>\n\n\n\n<ul class=\"wp-block-list\"><li>Regulamentul de organizare \u0219i func\u021bionare a unit\u0103\u021bilor de \u00eenv\u0103\u021b\u0103m\u00e2nt preuniversitar&nbsp;aprobat prin OMEC nr. 5477\/ 2020\u201d;<\/li><li>Potrivit prevederilor art. 10 \u2013 12, art. 14 alin.(1) din Metodologia \u2013 cadru&nbsp;de organizare \u015fi func\u0163ionare&nbsp;&nbsp;a consiliului de administra\u0163ie din unit\u0103\u0163ile de \u00eenv\u0103\u0163\u0103m\u00e2nt preuniversitar, aprobat\u0103 prin OMEN nr. 4619 din 22 septembrie 2014 cu modific[rile ulterioare;<\/li><li>&nbsp;Dispozi\u021bia Primarului Ora\u0219ului D\u0103rm\u0103ne\u0219ti nr 578\/11.11.2020;<\/li><li>&nbsp;Hot\u0103r\u00e2rea Consiliului Local D\u0103rm\u0103ne\u015fti1 nr. 111\/ 13.11.2020 de desemnare&nbsp;&nbsp;\u00een urma alegerilor locale a noilor reprezentan\u021bi ai Consiliului Local \u00een CA;<\/li><li>Procesul-verbal de \u0219edint\u0103 al Consiliului de administra\u021bie<\/li><\/ul>\n\n\n\n<p><strong>HOT\u0102R\u0102\u015eTE<\/strong><\/p>\n\n\n\n<p>&nbsp;&nbsp;&nbsp;&nbsp;&nbsp;&nbsp;&nbsp;&nbsp;&nbsp;&nbsp;&nbsp;&nbsp;&nbsp;&nbsp;&nbsp;&nbsp;&nbsp;&nbsp;&nbsp;&nbsp;&nbsp;&nbsp;&nbsp;&nbsp;<strong><u>Art.1<\/u>.&nbsp;<\/strong>Se&nbsp;&nbsp;modific\u0103 componen\u021ba Consiliul de administra\u021bie al Liceului Tehnologic D\u0103rm\u0103ne\u0219ti astfel:<\/p>\n\n\n\n<p>\u00a0\u00a0\u00a0\u00a0\u00a0\u00a0\u00a0\u00a0\u00a0\u00a0\u00a0\u00a0\u00a0\u00a0\u00a0\u00a0\u00a0\u00a0\u00a0\u00a0\u00a0\u00a0\u00a0\u00a0Sters (GDPR)<\/p>\n\n\n\n<p><strong><u>Art.2.<\/u><\/strong><strong>&nbsp;<\/strong>Atribu\u021biile membrilor CA sunt date de legisla\u021bia \u00een vigoare.<\/p>\n\n\n\n<p><strong><u>Art.3.<\/u><\/strong><strong>&nbsp;<\/strong>Cu ducerea la \u00eendeplinire a prezentei hot\u0103r\u00e2ri se \u00eencredin\u021beaz\u0103 directorul uit\u0103\u021bii de \u00eenv\u0103\u021b\u0103m\u00e2nt.<\/p>\n\n\n\n<p>&nbsp;&nbsp;&nbsp;&nbsp;&nbsp;&nbsp;&nbsp;&nbsp;&nbsp;&nbsp;&nbsp;&nbsp;&nbsp;&nbsp;&nbsp;&nbsp;&nbsp;&nbsp;&nbsp;&nbsp;&nbsp;&nbsp;&nbsp;&nbsp;&nbsp;&nbsp;&nbsp;&nbsp;&nbsp;&nbsp;&nbsp;&nbsp;&nbsp;&nbsp;&nbsp;&nbsp;&nbsp;&nbsp;&nbsp;&nbsp;&nbsp;&nbsp;&nbsp;&nbsp;&nbsp;&nbsp;&nbsp;&nbsp;&nbsp;&nbsp;&nbsp;&nbsp;&nbsp;&nbsp;&nbsp;&nbsp;&nbsp;&nbsp;&nbsp;&nbsp;&nbsp;&nbsp;&nbsp;&nbsp;&nbsp;&nbsp;&nbsp;&nbsp;&nbsp;&nbsp;&nbsp;&nbsp;&nbsp;&nbsp;&nbsp;&nbsp;&nbsp;&nbsp;&nbsp;&nbsp;&nbsp;&nbsp;&nbsp;&nbsp;Pre\u015fedinte C.A.<\/p>\n\n\n\n<p>&nbsp;&nbsp;&nbsp;&nbsp;&nbsp;&nbsp;&nbsp;&nbsp;&nbsp;&nbsp;&nbsp;&nbsp;&nbsp;&nbsp;&nbsp;&nbsp;&nbsp;&nbsp;&nbsp;&nbsp;&nbsp;&nbsp;&nbsp;&nbsp;&nbsp;&nbsp;&nbsp;&nbsp;&nbsp;&nbsp;&nbsp;&nbsp;&nbsp;&nbsp;&nbsp;&nbsp;&nbsp;&nbsp;&nbsp;&nbsp;&nbsp;&nbsp;&nbsp;&nbsp;&nbsp;&nbsp;&nbsp;&nbsp;&nbsp;&nbsp;&nbsp;&nbsp;&nbsp;&nbsp;&nbsp;&nbsp;&nbsp;&nbsp;&nbsp;&nbsp;&nbsp;&nbsp;&nbsp;&nbsp;&nbsp;&nbsp;&nbsp;&nbsp;&nbsp;&nbsp;&nbsp;&nbsp;&nbsp;&nbsp;&nbsp;&nbsp;&nbsp;&nbsp;&nbsp;&nbsp;&nbsp;&nbsp;&nbsp;&nbsp;Prof. Asandei Maria<\/p>\n\n\n\n<p>Nr. 11.1 din&nbsp;&nbsp;20.11.2020 ( hot\u0103r\u00e2rea a fost adoptat\u0103 cu 15 voturi)<\/p>\n","protected":false},"excerpt":{"rendered":"<p>Consiliul de Administra\u0163ie al Liceului Tehnologic D\u0103rm\u0103ne\u0219ti HOT\u0102R\u00c2RE privind modificarea&nbsp;&nbsp;Consiliului de Administra\u021bie&nbsp;&nbsp;al&nbsp;Liceului Tehnologic D\u0103rm\u0103ne\u0219ti Consiliul de Administra\u0163ie al&nbsp;Liceului Tehnologic D\u0103rm\u0103ne\u0219ti&nbsp;\u00eentrunit &hellip; <\/p>\n","protected":false},"author":1,"featured_media":0,"comment_status":"open","ping_status":"open","sticky":false,"template":"","format":"standard","meta":{"footnotes":""},"categories":[14],"tags":[],"class_list":["post-1132","post","type-post","status-publish","format-standard","hentry","category-hotarari-ca"],"_links":{"self":[{"href":"https:\/\/liceuldarmanesti.ro\/edu\/wp-json\/wp\/v2\/posts\/1132","targetHints":{"allow":["GET"]}}],"collection":[{"href":"https:\/\/liceuldarmanesti.ro\/edu\/wp-json\/wp\/v2\/posts"}],"about":[{"href":"https:\/\/liceuldarmanesti.ro\/edu\/wp-json\/wp\/v2\/types\/post"}],"author":[{"embeddable":true,"href":"https:\/\/liceuldarmanesti.ro\/edu\/wp-json\/wp\/v2\/users\/1"}],"replies":[{"embeddable":true,"href":"https:\/\/liceuldarmanesti.ro\/edu\/wp-json\/wp\/v2\/comments?post=1132"}],"version-history":[{"count":0,"href":"https:\/\/liceuldarmanesti.ro\/edu\/wp-json\/wp\/v2\/posts\/1132\/revisions"}],"wp:attachment":[{"href":"https:\/\/liceuldarmanesti.ro\/edu\/wp-json\/wp\/v2\/media?parent=1132"}],"wp:term":[{"taxonomy":"category","embeddable":true,"href":"https:\/\/liceuldarmanesti.ro\/edu\/wp-json\/wp\/v2\/categories?post=1132"},{"taxonomy":"post_tag","embeddable":true,"href":"https:\/\/liceuldarmanesti.ro\/edu\/wp-json\/wp\/v2\/tags?post=1132"}],"curies":[{"name":"wp","href":"https:\/\/api.w.org\/{rel}","templated":true}]}}