{"id":1134,"date":"2021-04-14T08:43:51","date_gmt":"2021-04-14T06:43:51","guid":{"rendered":"https:\/\/liceuldarmanesti.ro\/edu\/?p=1134"},"modified":"2021-04-14T08:44:35","modified_gmt":"2021-04-14T06:44:35","slug":"h-11-2-privind-incetarea-contractului-individual-de-munca-al-d-lui-bp-fochist-la-liceul-tehnologic-darmanesti-20-11-2020","status":"publish","type":"post","link":"https:\/\/liceuldarmanesti.ro\/edu\/h-11-2-privind-incetarea-contractului-individual-de-munca-al-d-lui-bp-fochist-la-liceul-tehnologic-darmanesti-20-11-2020\/","title":{"rendered":"H 11.2  privind \u00eencetarea contractului individual de munc\u0103 al d-lui BP, fochist la Liceul Tehnologic D\u0103rm\u0103ne\u0219ti \/ 20.11.2020"},"content":{"rendered":"\n<p><strong>Consiliul de Administra\u0163ie al Liceului Tehnologic D\u0103rm\u0103ne\u0219ti<\/strong><\/p>\n\n\n\n<p><strong>HO<\/strong><strong>T\u0102R\u00c2RE<\/strong><\/p>\n\n\n\n<p><strong>privind \u00eencetarea\u00a0contractului individual de munc\u0103 al d-lui BP,\u00a0fochist la Liceul Tehnologic D\u0103rm\u0103ne\u0219ti<\/strong><\/p>\n\n\n\n<p>Consiliul de Administra\u0163ie al&nbsp;<strong>Liceului Tehnologic D\u0103rm\u0103ne\u0219ti&nbsp;<\/strong>\u00eentrunit \u00een \u015fedin\u0163\u0103 extraordinar\u0103,<\/p>\n\n\n\n<ul class=\"wp-block-list\"><li>Lu\u00e2nd \u00een considerare,<\/li><li>&nbsp;Art.&nbsp;&nbsp;96 din Legea educa\u021biei na\u021bionale nr. 1\/2011,<\/li><\/ul>\n\n\n\n<p><strong>Av\u00e2nd in vedere:&nbsp;<\/strong><\/p>\n\n\n\n<ul class=\"wp-block-list\"><li>Regulamentul de organizare \u0219i func\u021bionare a unit\u0103\u021bilor de \u00eenv\u0103\u021b\u0103m\u00e2nt preuniversitar 2015&nbsp;aprobat prin OMEC nr. 5477\/ 2020<\/li><li>Potrivit prevederilor art. 10 \u2013 12, art. 14 alin.(1) din Metodologia \u2013 cadru de organizare \u015fi func\u0163ionare&nbsp;&nbsp;a consiliului de administra\u0163ie din unit\u0103\u0163ile de \u00eenv\u0103\u0163\u0103m\u00e2nt preuniversitar, aprobat\u0103 prin OMEN nr. 4619 din 22 septembrie 2014 cu modific[rile ulterioare<\/li><li>&nbsp;Cererea d-lui Barbu Petrut de \u00eencetare&nbsp;&nbsp;a contractului individual de munc\u0103;<\/li><li>&nbsp;Prevederile Legii 53\/ 2003&nbsp;&nbsp;Codul Muncii cu modific\u0103rile \u0219i complet\u0103rile ulterioare&nbsp;<\/li><li>Procesul-verbal de \u0219edint\u0103 al Consiliului de administra\u021bie:<\/li><\/ul>\n\n\n\n<p><strong>HOT\u0102R\u0102\u015eTE<\/strong><\/p>\n\n\n\n<p>\u00a0\u00a0\u00a0\u00a0\u00a0\u00a0\u00a0\u00a0\u00a0\u00a0\u00a0\u00a0\u00a0\u00a0\u00a0\u00a0\u00a0\u00a0\u00a0\u00a0\u00a0\u00a0\u00a0\u00a0<strong><u>Art.1<\/u>.\u00a0<\/strong>Se\u00a0\u00a0aprob\u0103 \u00eencetarea\u00a0contractului individual de munc\u0103 a d-lui BP angajat ca fochist\/ muncitor de \u00eentre\u021binere la Liceul\u00a0\u00a0Tehnologic D\u0103rm\u0103ne\u0219ti\u00a0\u00a0cu acordul p\u0103r\u021bilor \u00eencep\u00e2nd cu data de 23.11.2020.<\/p>\n\n\n\n<p><strong><u>Art.2.<\/u><\/strong><strong>\u00a0<\/strong>Cu ducerea la \u00eendeplinire a prezentei hot\u0103r\u00e2ri se \u00eencredin\u021beaz\u0103 secretarul \u0219ef- responsabil resurse umane, d-ra CM<\/p>\n\n\n\n<p>Pre\u015fedinte C.A.<\/p>\n\n\n\n<p>Prof. Asandei Maria<\/p>\n\n\n\n<p>Nr. 11.2 din&nbsp;&nbsp;20.11.2020 ( hot\u0103r\u00e2rea a fost adoptat\u0103 cu 15 voturi)<\/p>\n","protected":false},"excerpt":{"rendered":"<p>Consiliul de Administra\u0163ie al Liceului Tehnologic D\u0103rm\u0103ne\u0219ti HOT\u0102R\u00c2RE privind \u00eencetarea\u00a0contractului individual de munc\u0103 al d-lui BP,\u00a0fochist la Liceul Tehnologic D\u0103rm\u0103ne\u0219ti &hellip; <\/p>\n","protected":false},"author":1,"featured_media":0,"comment_status":"open","ping_status":"open","sticky":false,"template":"","format":"standard","meta":{"footnotes":""},"categories":[14],"tags":[],"class_list":["post-1134","post","type-post","status-publish","format-standard","hentry","category-hotarari-ca"],"_links":{"self":[{"href":"https:\/\/liceuldarmanesti.ro\/edu\/wp-json\/wp\/v2\/posts\/1134","targetHints":{"allow":["GET"]}}],"collection":[{"href":"https:\/\/liceuldarmanesti.ro\/edu\/wp-json\/wp\/v2\/posts"}],"about":[{"href":"https:\/\/liceuldarmanesti.ro\/edu\/wp-json\/wp\/v2\/types\/post"}],"author":[{"embeddable":true,"href":"https:\/\/liceuldarmanesti.ro\/edu\/wp-json\/wp\/v2\/users\/1"}],"replies":[{"embeddable":true,"href":"https:\/\/liceuldarmanesti.ro\/edu\/wp-json\/wp\/v2\/comments?post=1134"}],"version-history":[{"count":0,"href":"https:\/\/liceuldarmanesti.ro\/edu\/wp-json\/wp\/v2\/posts\/1134\/revisions"}],"wp:attachment":[{"href":"https:\/\/liceuldarmanesti.ro\/edu\/wp-json\/wp\/v2\/media?parent=1134"}],"wp:term":[{"taxonomy":"category","embeddable":true,"href":"https:\/\/liceuldarmanesti.ro\/edu\/wp-json\/wp\/v2\/categories?post=1134"},{"taxonomy":"post_tag","embeddable":true,"href":"https:\/\/liceuldarmanesti.ro\/edu\/wp-json\/wp\/v2\/tags?post=1134"}],"curies":[{"name":"wp","href":"https:\/\/api.w.org\/{rel}","templated":true}]}}