{"id":1158,"date":"2021-04-14T09:19:00","date_gmt":"2021-04-14T07:19:00","guid":{"rendered":"https:\/\/liceuldarmanesti.ro\/edu\/?p=1158"},"modified":"2021-04-14T09:19:01","modified_gmt":"2021-04-14T07:19:01","slug":"h-12-9-privind-decontarea-cheltuielilor-cu-naveta-pe-luna-noiembrie-a-personalului-didactic-si-didactic-auxiliar-de-la-liceul-tehnologic-darmanesti-08-12-2020","status":"publish","type":"post","link":"https:\/\/liceuldarmanesti.ro\/edu\/h-12-9-privind-decontarea-cheltuielilor-cu-naveta-pe-luna-noiembrie-a-personalului-didactic-si-didactic-auxiliar-de-la-liceul-tehnologic-darmanesti-08-12-2020\/","title":{"rendered":"H 12.9  privind decontarea cheltuielilor cu naveta pe luna noiembrie a personalului didactic \u0219i didactic auxiliar  de la Liceul Tehnologic D\u0103rm\u0103ne\u0219ti \/  08.12.2020"},"content":{"rendered":"\n<p><strong>Consiliul de Administra\u0163ie al Liceului Tehnologic D\u0103rm\u0103ne\u0219ti<\/strong><\/p>\n\n\n\n<p><strong>HO<\/strong><strong>T\u0102R\u00c2RE<\/strong><\/p>\n\n\n\n<p><strong>privind decontarea cheltuielilor cu naveta pe luna noiembrie a personalului didactic \u0219i didactic auxiliar&nbsp;&nbsp;de la&nbsp;<\/strong><strong>Liceul Tehnologic D\u0103rm\u0103ne\u0219ti<\/strong><strong><\/strong><\/p>\n\n\n\n<p>Consiliul de Administra\u0163ie al&nbsp;Liceului Tehnologic D\u0103rm\u0103ne\u0219ti&nbsp;\u00eentrunit&nbsp;\u00een \u015fedin\u0163\u0103&nbsp;&nbsp;ordinar\u0103,<\/p>\n\n\n\n<p>Av\u00e2nd in vedere:<\/p>\n\n\n\n<ul class=\"wp-block-list\"><li>Legea educa\u021biei na\u021bionale nr. 1\/2011,&nbsp;&nbsp;art 93, 96, 105&nbsp;&nbsp;cu complet\u0103rile \u0219i modific\u0103rile ulterioare;<\/li><li>Regulamentul cadru de organizare \u0219i func\u021bionare a unit\u0103\u021bilor de \u00eenv\u0103\u021b\u0103m\u00e2nt preuniversitar aprobat prin OMEC 5447\/2020;<\/li><li>HG 569\/2015&nbsp;pentru aprobarea Normelor metodologice privind decontarea cheltuielilor pentru naveta personalului didactic;<\/li><li>Procesul-verbal de \u0219edin\u021b\u0103 al Consiliului de administra\u021bie din 08.12.2020;<\/li><\/ul>\n\n\n\n<p>Potrivit prevederilor art. 10 \u2013 12, art. 14 alin.(1) din Metodologia \u2013 cadru de organizare \u015fi func\u0163ionare&nbsp;&nbsp;a consiliului de administra\u0163ie din unit\u0103\u0163ile de \u00eenv\u0103\u0163\u0103m\u00e2nt preuniversitar, aprobat\u0103 prin OMEN nr. 4619 din 22 septembrie 2014 cu modific\u0103rile ulterioare<\/p>\n\n\n\n<p><strong><u>HOT\u0102R\u0102\u0218TE:<\/u><\/strong><\/p>\n\n\n\n<p><strong><u>Art.1<\/u><\/strong>&nbsp;Se aprob\u0103&nbsp;&nbsp;decontarea navetei personalului didactic \u0219i didactic auxiliar conform anexei la prezenta hotarare.<strong><\/strong><\/p>\n\n\n\n<p><strong><u>&nbsp;Art.2<\/u><\/strong>&nbsp;Conducerea unit\u0103\u021bii&nbsp;&nbsp;\u0219i serviciul secretariat-contabilitate vor duce la \u00eendeplinire prezenta hot\u0103r\u00e2re.<\/p>\n\n\n\n<p>Pre\u015fedinte C.A.<\/p>\n\n\n\n<p>&nbsp;&nbsp;&nbsp;&nbsp;&nbsp;&nbsp;&nbsp;&nbsp;&nbsp;&nbsp;&nbsp;&nbsp;&nbsp;&nbsp;&nbsp;&nbsp;&nbsp;&nbsp;&nbsp;&nbsp;&nbsp;&nbsp;&nbsp;&nbsp;&nbsp;&nbsp;&nbsp;&nbsp;&nbsp;&nbsp;&nbsp;&nbsp;&nbsp;&nbsp;&nbsp;&nbsp;&nbsp;&nbsp;&nbsp;&nbsp;&nbsp;&nbsp;&nbsp;&nbsp;&nbsp;&nbsp;&nbsp;&nbsp;&nbsp;&nbsp;&nbsp;&nbsp;&nbsp;&nbsp;&nbsp;&nbsp;&nbsp;&nbsp;&nbsp;&nbsp;&nbsp;&nbsp;&nbsp;&nbsp;&nbsp;&nbsp;&nbsp;&nbsp;&nbsp;&nbsp;&nbsp;&nbsp;&nbsp;&nbsp;&nbsp;&nbsp;&nbsp;&nbsp;&nbsp;&nbsp;&nbsp;&nbsp;&nbsp;&nbsp;&nbsp;&nbsp;&nbsp;&nbsp;&nbsp;&nbsp;Prof. Asandei Maria<\/p>\n\n\n\n<p>Nr. 12.9 din 08.12.2020<\/p>\n\n\n\n<p>( hot\u0103r\u00e2rea a fost adoptat\u0103 cu 15 voturi)<\/p>\n","protected":false},"excerpt":{"rendered":"<p>Consiliul de Administra\u0163ie al Liceului Tehnologic D\u0103rm\u0103ne\u0219ti HOT\u0102R\u00c2RE privind decontarea cheltuielilor cu naveta pe luna noiembrie a personalului didactic \u0219i &hellip; <\/p>\n","protected":false},"author":1,"featured_media":0,"comment_status":"open","ping_status":"open","sticky":false,"template":"","format":"standard","meta":{"footnotes":""},"categories":[14],"tags":[],"class_list":["post-1158","post","type-post","status-publish","format-standard","hentry","category-hotarari-ca"],"_links":{"self":[{"href":"https:\/\/liceuldarmanesti.ro\/edu\/wp-json\/wp\/v2\/posts\/1158","targetHints":{"allow":["GET"]}}],"collection":[{"href":"https:\/\/liceuldarmanesti.ro\/edu\/wp-json\/wp\/v2\/posts"}],"about":[{"href":"https:\/\/liceuldarmanesti.ro\/edu\/wp-json\/wp\/v2\/types\/post"}],"author":[{"embeddable":true,"href":"https:\/\/liceuldarmanesti.ro\/edu\/wp-json\/wp\/v2\/users\/1"}],"replies":[{"embeddable":true,"href":"https:\/\/liceuldarmanesti.ro\/edu\/wp-json\/wp\/v2\/comments?post=1158"}],"version-history":[{"count":0,"href":"https:\/\/liceuldarmanesti.ro\/edu\/wp-json\/wp\/v2\/posts\/1158\/revisions"}],"wp:attachment":[{"href":"https:\/\/liceuldarmanesti.ro\/edu\/wp-json\/wp\/v2\/media?parent=1158"}],"wp:term":[{"taxonomy":"category","embeddable":true,"href":"https:\/\/liceuldarmanesti.ro\/edu\/wp-json\/wp\/v2\/categories?post=1158"},{"taxonomy":"post_tag","embeddable":true,"href":"https:\/\/liceuldarmanesti.ro\/edu\/wp-json\/wp\/v2\/tags?post=1158"}],"curies":[{"name":"wp","href":"https:\/\/api.w.org\/{rel}","templated":true}]}}