{"id":1160,"date":"2021-04-14T09:20:42","date_gmt":"2021-04-14T07:20:42","guid":{"rendered":"https:\/\/liceuldarmanesti.ro\/edu\/?p=1160"},"modified":"2021-04-14T09:20:44","modified_gmt":"2021-04-14T07:20:44","slug":"h-12-10-privind-solutionarea-cererilor-de-transfer-al-elevilor-08-12-2020","status":"publish","type":"post","link":"https:\/\/liceuldarmanesti.ro\/edu\/h-12-10-privind-solutionarea-cererilor-de-transfer-al-elevilor-08-12-2020\/","title":{"rendered":"H 12.10  privind solu\u021bionarea cererilor de transfer al elevilor \/ 08.12.2020"},"content":{"rendered":"\n<p><strong>Consiliul de Administra\u0163ie al Liceului Tehnologic D\u0103rm\u0103ne\u0219ti<\/strong><\/p>\n\n\n\n<p><strong>HO<\/strong><strong>T\u0102R\u00c2RE<\/strong><\/p>\n\n\n\n<p><strong>privind solu\u021bionarea cererilor de transfer al elevilor<\/strong><strong><\/strong><\/p>\n\n\n\n<p>Consiliul de Administra\u0163ie al&nbsp;<strong>Liceului Tehnologic D\u0103rm\u0103ne\u0219ti&nbsp;<\/strong>\u00eentrunit \u00een \u015fedin\u0163\u0103 ordinar\u0103,<\/p>\n\n\n\n<ul class=\"wp-block-list\"><li>Lu\u00e2nd \u00een considerare,<\/li><li>&nbsp;Art.&nbsp;&nbsp;96,97 din Legea educa\u021biei na\u021bionale nr. 1\/2011,,<\/li><\/ul>\n\n\n\n<p>Av\u00e2nd in vedere:&nbsp;<\/p>\n\n\n\n<p>&nbsp;&nbsp;&nbsp;&nbsp;&nbsp;&nbsp;&nbsp;&nbsp;&nbsp;&nbsp;&nbsp;Regulamentul de organizare \u0219i func\u021bionare a unit\u0103\u021bilor de \u00eenv\u0103\u021b\u0103m\u00e2nt preuniversitar&nbsp;&nbsp;aprobat prin OMEN nr. 5477\/ 2020,<\/p>\n\n\n\n<ul class=\"wp-block-list\"><li>Potrivit prevederilor art. 10 \u2013 12, art. 14 alin.(1) din Metodologia \u2013 cadru de organizare \u015fi func\u0163ionare&nbsp;&nbsp;a consiliului de administra\u0163ie din unit\u0103\u0163ile de \u00eenv\u0103\u0163\u0103m\u00e2nt preuniversitar, aprobat\u0103 prin OMEN nr. 4619 din 22 septembrie 2014<\/li><li>Procesul-verbal de \u0219edint\u0103 al Consiliului de administra\u021bie din 07.01.2021:<\/li><\/ul>\n\n\n\n<p><strong>HOT\u0102R\u0102\u015eTE<\/strong><\/p>\n\n\n\n<p><strong><u>Art.1<\/u><\/strong><strong>.&nbsp;<\/strong>Se aprob\u0103 transferul elevilor :<\/p>\n\n\n\n<ul class=\"wp-block-list\"><li>BC solicita transferul elevului SAD din cls. pregatitoare de la Liceul Tehnologic Darmanesti la Scoala Gimnaziala \u201eSegarcea Vale\u201d, jud. Teleorman<\/li><li>BC solicita transferul elevului GA, grupa mare , de la Gradinita cu program prelungit nr. 1 Darmanesti la Gradinita cu program normal \u201eSegarcea Deal\u201d a Scolii Gimnaziale \u201eSegarcea Vale\u201d, jud. Teleorman\u00a0<\/li><\/ul>\n\n\n\n<p><strong><u>Art.2.<\/u><\/strong><strong>&nbsp;<\/strong>Cu ducerea la \u00eendeplinire a prezentei hot\u0103r\u00e2ri se \u00eencredin\u021beaz\u0103 directorul unit\u0103\u021bii de \u00eenv\u0103\u021b\u0103m\u00e2nt \u0219i serviciul secretariat<\/p>\n\n\n\n<p>Pre\u015fedinte C.A.<\/p>\n\n\n\n<p>&nbsp;&nbsp;&nbsp;&nbsp;&nbsp;&nbsp;&nbsp;&nbsp;&nbsp;&nbsp;&nbsp;&nbsp;&nbsp;&nbsp;&nbsp;&nbsp;&nbsp;&nbsp;&nbsp;&nbsp;&nbsp;&nbsp;&nbsp;&nbsp;&nbsp;&nbsp;&nbsp;&nbsp;&nbsp;&nbsp;&nbsp;&nbsp;&nbsp;&nbsp;&nbsp;&nbsp;&nbsp;&nbsp;&nbsp;&nbsp;&nbsp;&nbsp;&nbsp;&nbsp;&nbsp;&nbsp;&nbsp;&nbsp;&nbsp;&nbsp;&nbsp;&nbsp;&nbsp;&nbsp;&nbsp;&nbsp;&nbsp;&nbsp;&nbsp;&nbsp;&nbsp;&nbsp;&nbsp;&nbsp;&nbsp;&nbsp;&nbsp;&nbsp;&nbsp;&nbsp;&nbsp;&nbsp;&nbsp;&nbsp;&nbsp;&nbsp;&nbsp;&nbsp;&nbsp;&nbsp;&nbsp;&nbsp;&nbsp;&nbsp;Prof. Asandei Maria<\/p>\n\n\n\n<p>Nr. 12.10 din 08.12.2020<\/p>\n\n\n\n<p>( hot\u0103r\u00e2rea a fost adoptat\u0103 cu 15 voturi)<\/p>\n","protected":false},"excerpt":{"rendered":"<p>Consiliul de Administra\u0163ie al Liceului Tehnologic D\u0103rm\u0103ne\u0219ti HOT\u0102R\u00c2RE privind solu\u021bionarea cererilor de transfer al elevilor Consiliul de Administra\u0163ie al&nbsp;Liceului Tehnologic &hellip; <\/p>\n","protected":false},"author":1,"featured_media":0,"comment_status":"open","ping_status":"open","sticky":false,"template":"","format":"standard","meta":{"footnotes":""},"categories":[14],"tags":[],"class_list":["post-1160","post","type-post","status-publish","format-standard","hentry","category-hotarari-ca"],"_links":{"self":[{"href":"https:\/\/liceuldarmanesti.ro\/edu\/wp-json\/wp\/v2\/posts\/1160","targetHints":{"allow":["GET"]}}],"collection":[{"href":"https:\/\/liceuldarmanesti.ro\/edu\/wp-json\/wp\/v2\/posts"}],"about":[{"href":"https:\/\/liceuldarmanesti.ro\/edu\/wp-json\/wp\/v2\/types\/post"}],"author":[{"embeddable":true,"href":"https:\/\/liceuldarmanesti.ro\/edu\/wp-json\/wp\/v2\/users\/1"}],"replies":[{"embeddable":true,"href":"https:\/\/liceuldarmanesti.ro\/edu\/wp-json\/wp\/v2\/comments?post=1160"}],"version-history":[{"count":0,"href":"https:\/\/liceuldarmanesti.ro\/edu\/wp-json\/wp\/v2\/posts\/1160\/revisions"}],"wp:attachment":[{"href":"https:\/\/liceuldarmanesti.ro\/edu\/wp-json\/wp\/v2\/media?parent=1160"}],"wp:term":[{"taxonomy":"category","embeddable":true,"href":"https:\/\/liceuldarmanesti.ro\/edu\/wp-json\/wp\/v2\/categories?post=1160"},{"taxonomy":"post_tag","embeddable":true,"href":"https:\/\/liceuldarmanesti.ro\/edu\/wp-json\/wp\/v2\/tags?post=1160"}],"curies":[{"name":"wp","href":"https:\/\/api.w.org\/{rel}","templated":true}]}}