{"id":1182,"date":"2021-04-14T20:39:03","date_gmt":"2021-04-14T18:39:03","guid":{"rendered":"https:\/\/liceuldarmanesti.ro\/edu\/?p=1182"},"modified":"2021-04-14T20:39:04","modified_gmt":"2021-04-14T18:39:04","slug":"h-14-3-privind-aprobarea-fiselor-de-evaluare-a-activitatii-pe-2020-pentru-personalul-nedidactic-22-12-2020","status":"publish","type":"post","link":"https:\/\/liceuldarmanesti.ro\/edu\/h-14-3-privind-aprobarea-fiselor-de-evaluare-a-activitatii-pe-2020-pentru-personalul-nedidactic-22-12-2020\/","title":{"rendered":"H 14.3 privind aprobarea fiselor de evaluare a activitatii pe 2020 pentru personalul nedidactic \/ 22.12.2020"},"content":{"rendered":"\n<p><strong>Consiliul de Administra\u0163ie al Liceului Tehnologic D\u0103rm\u0103ne\u0219ti<\/strong><\/p>\n\n\n\n<p><strong>HO<\/strong><strong>T\u0102R\u00c2RE<\/strong><\/p>\n\n\n\n<p><strong>privind aprobarea fiselor de evaluare a activitatii pe 2020 pentru personalul nedidactic<\/strong><\/p>\n\n\n\n<p>Consiliul de Administra\u0163ie al <strong>Liceului Tehnologic D\u0103rm\u0103ne\u0219ti <\/strong>\u00eentrunit \u00een \u015fedin\u0163\u0103 ordinar\u0103,<\/p>\n\n\n\n<ul class=\"wp-block-list\"><li>Lu\u00e2nd \u00een considerare,<\/li><li>&nbsp;Art.&nbsp; 96,97 din Legea educa\u021biei na\u021bionale nr. 1\/2011,,<\/li><\/ul>\n\n\n\n<p>Av\u00e2nd in vedere:<\/p>\n\n\n\n<p>&nbsp;&nbsp;&nbsp;&nbsp;&nbsp;&nbsp;&nbsp;&nbsp;&nbsp;&nbsp; Regulamentul de organizare \u0219i func\u021bionare a unit\u0103\u021bilor de \u00eenv\u0103\u021b\u0103m\u00e2nt preuniversitar&nbsp; aprobat prin OMEN nr. 5477\/ 2020,<\/p>\n\n\n\n<ul class=\"wp-block-list\"><li>Ordinul secretarului general al Guvernului nr. 600\/2018 pentru aprobarea Codului controlului intern\/managerial;<\/li><li>OMECTS nr,3860\/10.03.2011 privind aprobarea criteriilor metodologice de evaluare&nbsp; performan\u021belor profesionale individuale ale personalului contractual.<\/li><li>Potrivit prevederilor art. 10 \u2013 12, art. 14 alin.(1) din Metodologia \u2013 cadru de organizare \u015fi func\u0163ionare&nbsp; a consiliului de administra\u0163ie din unit\u0103\u0163ile de \u00eenv\u0103\u0163\u0103m\u00e2nt preuniversitar, aprobat\u0103 prin OMEN nr. 4619 din 22 septembrie 2014<\/li><li>Procesul-verbal de \u0219edint\u0103 al Consiliului de administra\u021bie din 22.12.2020:<\/li><\/ul>\n\n\n\n<p><strong>HOT\u0102R\u0102\u015eTE<\/strong><\/p>\n\n\n\n<p><strong><u>Art.1<\/u><\/strong><strong>. <\/strong>Se aprob\u0103 fisele de evaluare a activitatii pe 2020 pentru personalul nedidactic<\/p>\n\n\n\n<p><strong><u>Art.2.<\/u><\/strong><strong> <\/strong>Cu ducerea la \u00eendeplinire a prezentei hot\u0103r\u00e2ri se \u00eencredin\u021beaz\u0103 directorul unit\u0103\u021bii de \u00eenv\u0103\u021b\u0103m\u00e2nt \u0219i serviciul secretariat<strong><\/strong><\/p>\n\n\n\n<p>Pre\u015fedinte C.A.<\/p>\n\n\n\n<p>&nbsp;&nbsp;&nbsp;&nbsp;&nbsp;&nbsp;&nbsp;&nbsp;&nbsp;&nbsp;&nbsp;&nbsp;&nbsp;&nbsp;&nbsp;&nbsp;&nbsp;&nbsp;&nbsp;&nbsp;&nbsp;&nbsp;&nbsp;&nbsp;&nbsp;&nbsp;&nbsp;&nbsp;&nbsp;&nbsp;&nbsp;&nbsp;&nbsp;&nbsp;&nbsp;&nbsp;&nbsp;&nbsp;&nbsp;&nbsp;&nbsp;&nbsp;&nbsp;&nbsp;&nbsp;&nbsp;&nbsp;&nbsp;&nbsp;&nbsp;&nbsp;&nbsp;&nbsp;&nbsp;&nbsp;&nbsp;&nbsp;&nbsp;&nbsp;&nbsp;&nbsp;&nbsp;&nbsp;&nbsp;&nbsp;&nbsp;&nbsp;&nbsp;&nbsp;&nbsp;&nbsp;&nbsp;&nbsp;&nbsp;&nbsp;&nbsp;&nbsp;&nbsp;&nbsp;&nbsp;&nbsp;&nbsp;&nbsp; Prof. Asandei Maria<\/p>\n\n\n\n<p>Nr. 14.3 din 22.12.2020<\/p>\n\n\n\n<p>( hot\u0103r\u00e2rea a fost adoptat\u0103 cu 15 voturi)<\/p>\n","protected":false},"excerpt":{"rendered":"<p>Consiliul de Administra\u0163ie al Liceului Tehnologic D\u0103rm\u0103ne\u0219ti HOT\u0102R\u00c2RE privind aprobarea fiselor de evaluare a activitatii pe 2020 pentru personalul nedidactic &hellip; <\/p>\n","protected":false},"author":1,"featured_media":0,"comment_status":"open","ping_status":"open","sticky":false,"template":"","format":"standard","meta":{"footnotes":""},"categories":[14],"tags":[],"class_list":["post-1182","post","type-post","status-publish","format-standard","hentry","category-hotarari-ca"],"_links":{"self":[{"href":"https:\/\/liceuldarmanesti.ro\/edu\/wp-json\/wp\/v2\/posts\/1182","targetHints":{"allow":["GET"]}}],"collection":[{"href":"https:\/\/liceuldarmanesti.ro\/edu\/wp-json\/wp\/v2\/posts"}],"about":[{"href":"https:\/\/liceuldarmanesti.ro\/edu\/wp-json\/wp\/v2\/types\/post"}],"author":[{"embeddable":true,"href":"https:\/\/liceuldarmanesti.ro\/edu\/wp-json\/wp\/v2\/users\/1"}],"replies":[{"embeddable":true,"href":"https:\/\/liceuldarmanesti.ro\/edu\/wp-json\/wp\/v2\/comments?post=1182"}],"version-history":[{"count":0,"href":"https:\/\/liceuldarmanesti.ro\/edu\/wp-json\/wp\/v2\/posts\/1182\/revisions"}],"wp:attachment":[{"href":"https:\/\/liceuldarmanesti.ro\/edu\/wp-json\/wp\/v2\/media?parent=1182"}],"wp:term":[{"taxonomy":"category","embeddable":true,"href":"https:\/\/liceuldarmanesti.ro\/edu\/wp-json\/wp\/v2\/categories?post=1182"},{"taxonomy":"post_tag","embeddable":true,"href":"https:\/\/liceuldarmanesti.ro\/edu\/wp-json\/wp\/v2\/tags?post=1182"}],"curies":[{"name":"wp","href":"https:\/\/api.w.org\/{rel}","templated":true}]}}