{"id":1247,"date":"2021-04-14T21:47:09","date_gmt":"2021-04-14T19:47:09","guid":{"rendered":"https:\/\/liceuldarmanesti.ro\/edu\/?p=1247"},"modified":"2021-04-14T21:47:15","modified_gmt":"2021-04-14T19:47:15","slug":"h-20-1-raportul-privind-starea-si-calitatea-invatamantului-la-sfarsitul-sem-i-al-anului-scolar-2020-2021-23-02-2021","status":"publish","type":"post","link":"https:\/\/liceuldarmanesti.ro\/edu\/h-20-1-raportul-privind-starea-si-calitatea-invatamantului-la-sfarsitul-sem-i-al-anului-scolar-2020-2021-23-02-2021\/","title":{"rendered":"H 20.1 Raportul privind starea \u0219i calitatea \u00eenv\u0103\u021b\u0103m\u00e2ntului la sf\u00e2r\u0219itul Sem.I al anului \u0219colar 2020-2021 \/ 23.02.2021"},"content":{"rendered":"\n<p><strong>Consiliul de Administra\u0163ie al<\/strong> <strong>Liceului Tehnologic D\u0103rm\u0103ne\u0219ti<\/strong><\/p>\n\n\n\n<p><strong>HO<\/strong><strong>T\u0102R\u00c2RE<\/strong><\/p>\n\n\n\n<p><strong>privind Raportul privind starea \u0219i calitatea \u00eenv\u0103\u021b\u0103m\u00e2ntului la sf\u00e2r\u0219itul Sem.I al anului \u0219colar 2020-2021<\/strong><\/p>\n\n\n\n<p>Consiliul de Administra\u0163ie al Liceului Tehnologic D\u0103rm\u0103ne\u0219ti \u00eentrunit \u00een \u015fedin\u0163\u0103 ordinar\u0103,<\/p>\n\n\n\n<ul class=\"wp-block-list\"><li>Lu\u00e2nd \u00een considerare,<\/li><li>&nbsp;Art.93,&nbsp; 96 din Legea educa\u021biei na\u021bionale nr. 1\/2011,<\/li><\/ul>\n\n\n\n<p>Av\u00e2nd in vedere:<\/p>\n\n\n\n<ul class=\"wp-block-list\"><li>Art.21, 22 din Regulamentul cadru de organizare \u0219i func\u021bionare a unit\u0103\u021bilor de \u00eenv\u0103\u021b\u0103m\u00e2nt preuniversitar aprobat prin OMEC nr. 5477\/ 2020 cu modific\u0103rile si completarile ulterioare;<\/li><\/ul>\n\n\n\n<ul class=\"wp-block-list\"><li>Potrivit prevederilor art. 10 \u2013 12, art. 14 alin.(1) din Metodologia \u2013 cadru de organizare \u015fi func\u0163ionare&nbsp; a consiliului de administra\u0163ie din unit\u0103\u0163ile de \u00eenv\u0103\u0163\u0103m\u00e2nt preuniversitar, aprobat\u0103 prin OMEN nr. 4619 din 22 septembrie 2014 cu modific\u0103rile \u0219i complet\u0103rile ulterioare,<\/li><\/ul>\n\n\n\n<ul class=\"wp-block-list\"><li>Procesul-verbal de \u0219edint\u0103 al Consiliului de administra\u021bie;<\/li><\/ul>\n\n\n\n<p><strong>HOT\u0102R\u0102\u015eTE<\/strong><\/p>\n\n\n\n<p><strong>Art.1<\/strong> \u2013 Aprobarea Raportului privind starea \u0219i calitatea \u00eenv\u0103\u021b\u0103m\u00e2ntului la sf\u00e2r\u0219itul Sem.I al anului \u0219colar 2020-2021<\/p>\n\n\n\n<p><strong><u>Art.2<\/u><\/strong><strong>. <\/strong>Cu ducerea la indeplinire a prezentei hot\u0103r\u00e2ri se \u00eencredin\u021beaz\u0103 directorul unit\u0103\u021bii de \u00eenv\u00e2\u021b\u00e2m\u00e2nt.<\/p>\n\n\n\n<p>&nbsp;&nbsp;&nbsp;&nbsp;&nbsp;&nbsp;&nbsp;&nbsp;&nbsp;&nbsp;&nbsp;&nbsp;&nbsp;&nbsp;&nbsp;&nbsp;&nbsp;&nbsp;&nbsp;&nbsp;&nbsp;&nbsp;&nbsp;&nbsp;&nbsp;&nbsp;&nbsp;&nbsp;&nbsp;&nbsp;&nbsp;&nbsp;&nbsp;&nbsp;&nbsp;&nbsp;&nbsp;&nbsp;&nbsp;&nbsp;&nbsp;&nbsp;&nbsp;&nbsp;&nbsp;&nbsp;&nbsp;&nbsp;&nbsp;&nbsp;&nbsp;&nbsp;&nbsp;&nbsp;&nbsp;&nbsp;&nbsp;&nbsp;&nbsp;&nbsp;&nbsp;&nbsp;&nbsp;&nbsp;&nbsp;&nbsp;&nbsp;&nbsp;&nbsp;&nbsp;&nbsp;&nbsp;&nbsp;&nbsp;&nbsp;&nbsp;&nbsp;&nbsp;&nbsp;&nbsp;&nbsp;&nbsp;&nbsp;&nbsp;&nbsp;&nbsp;&nbsp;&nbsp;&nbsp;&nbsp;&nbsp;&nbsp;&nbsp;&nbsp;&nbsp;&nbsp;&nbsp;&nbsp;&nbsp;&nbsp;&nbsp;&nbsp;&nbsp; &nbsp;&nbsp;&nbsp; Pre\u015fedinte C.A.<\/p>\n\n\n\n<p>&nbsp;&nbsp;&nbsp;&nbsp;&nbsp;&nbsp;&nbsp;&nbsp;&nbsp;&nbsp;&nbsp;&nbsp;&nbsp;&nbsp;&nbsp;&nbsp;&nbsp;&nbsp;&nbsp;&nbsp;&nbsp;&nbsp;&nbsp;&nbsp;&nbsp;&nbsp;&nbsp;&nbsp;&nbsp;&nbsp;&nbsp;&nbsp;&nbsp;&nbsp;&nbsp;&nbsp;&nbsp;&nbsp;&nbsp;&nbsp;&nbsp;&nbsp;&nbsp;&nbsp;&nbsp;&nbsp;&nbsp;&nbsp;&nbsp;&nbsp;&nbsp;&nbsp;&nbsp;&nbsp;&nbsp;&nbsp;&nbsp;&nbsp;&nbsp;&nbsp;&nbsp;&nbsp;&nbsp;&nbsp;&nbsp;&nbsp;&nbsp;&nbsp;&nbsp;&nbsp;&nbsp; &nbsp;&nbsp;&nbsp;&nbsp;&nbsp;&nbsp;&nbsp;&nbsp;&nbsp;&nbsp;&nbsp;&nbsp;&nbsp;&nbsp;&nbsp;&nbsp;&nbsp;&nbsp;&nbsp;&nbsp;&nbsp;&nbsp;&nbsp;&nbsp;&nbsp;&nbsp;&nbsp;&nbsp;&nbsp;&nbsp;&nbsp;&nbsp;&nbsp;&nbsp;&nbsp;&nbsp; Prof. Asandei Maria<\/p>\n\n\n\n<p>Nr.&nbsp; 20.1&nbsp;&nbsp; din 23.02.2021<\/p>\n\n\n\n<p>( hot\u0103r\u00e2rea a fost adoptat\u0103 cu 15 voturi)<\/p>\n","protected":false},"excerpt":{"rendered":"<p>Consiliul de Administra\u0163ie al Liceului Tehnologic D\u0103rm\u0103ne\u0219ti HOT\u0102R\u00c2RE privind Raportul privind starea \u0219i calitatea \u00eenv\u0103\u021b\u0103m\u00e2ntului la sf\u00e2r\u0219itul Sem.I al anului &hellip; <\/p>\n","protected":false},"author":1,"featured_media":0,"comment_status":"open","ping_status":"open","sticky":false,"template":"","format":"standard","meta":{"footnotes":""},"categories":[14],"tags":[],"class_list":["post-1247","post","type-post","status-publish","format-standard","hentry","category-hotarari-ca"],"_links":{"self":[{"href":"https:\/\/liceuldarmanesti.ro\/edu\/wp-json\/wp\/v2\/posts\/1247","targetHints":{"allow":["GET"]}}],"collection":[{"href":"https:\/\/liceuldarmanesti.ro\/edu\/wp-json\/wp\/v2\/posts"}],"about":[{"href":"https:\/\/liceuldarmanesti.ro\/edu\/wp-json\/wp\/v2\/types\/post"}],"author":[{"embeddable":true,"href":"https:\/\/liceuldarmanesti.ro\/edu\/wp-json\/wp\/v2\/users\/1"}],"replies":[{"embeddable":true,"href":"https:\/\/liceuldarmanesti.ro\/edu\/wp-json\/wp\/v2\/comments?post=1247"}],"version-history":[{"count":0,"href":"https:\/\/liceuldarmanesti.ro\/edu\/wp-json\/wp\/v2\/posts\/1247\/revisions"}],"wp:attachment":[{"href":"https:\/\/liceuldarmanesti.ro\/edu\/wp-json\/wp\/v2\/media?parent=1247"}],"wp:term":[{"taxonomy":"category","embeddable":true,"href":"https:\/\/liceuldarmanesti.ro\/edu\/wp-json\/wp\/v2\/categories?post=1247"},{"taxonomy":"post_tag","embeddable":true,"href":"https:\/\/liceuldarmanesti.ro\/edu\/wp-json\/wp\/v2\/tags?post=1247"}],"curies":[{"name":"wp","href":"https:\/\/api.w.org\/{rel}","templated":true}]}}