{"id":1266,"date":"2021-04-14T22:00:48","date_gmt":"2021-04-14T20:00:48","guid":{"rendered":"https:\/\/liceuldarmanesti.ro\/edu\/?p=1266"},"modified":"2021-04-14T22:00:50","modified_gmt":"2021-04-14T20:00:50","slug":"h-21-4-privind-aprobarea-planului-de-pregatire-a-examenelor-de-certificare-a-calificarii-profesionale-nivel-3-si-4-09-03-2021","status":"publish","type":"post","link":"https:\/\/liceuldarmanesti.ro\/edu\/h-21-4-privind-aprobarea-planului-de-pregatire-a-examenelor-de-certificare-a-calificarii-profesionale-nivel-3-si-4-09-03-2021\/","title":{"rendered":"H 21.4 privind aprobarea planului de preg\u0103tire a   Examenelor de certificare a calific\u0103rii profesionale nivel 3 si 4 \/ 09.03.2021"},"content":{"rendered":"\n<p><strong>Consiliul de Administra\u0163ie al<\/strong> <strong>Liceului Tehnologic D\u0103rm\u0103ne\u0219ti<\/strong><\/p>\n\n\n\n<p><strong>HO<\/strong><strong>T\u0102R\u00c2RE<\/strong><\/p>\n\n\n\n<p><strong>privind aprobarea planului de preg\u0103tire a&nbsp;&nbsp; <\/strong><strong>Examenelor de certificare a calific\u0103rii profesionale nivel 3 si 4<\/strong><\/p>\n\n\n\n<p>Consiliul de Administra\u0163ie al <strong>Liceului Tehnologic D\u0103rm\u0103ne\u0219ti <\/strong>\u00eentrunit \u00een \u015fedin\u0163\u0103&nbsp; ordinar\u0103,<\/p>\n\n\n\n<p>Av\u00e2nd in vedere:<\/p>\n\n\n\n<ul class=\"wp-block-list\"><li>Legea educa\u021biei na\u021bionale nr. 1\/2011,&nbsp; art 93, 96,&nbsp; cu complet\u0103rile \u0219i modific\u0103rile ulterioare;<\/li><li>Regulamentul cadru de organizare \u0219i func\u021bionare a unit\u0103\u021bilor de \u00eenv\u0103\u021b\u0103m\u00e2nt preuniversitar aprobat prin OMEC 5447\/2020 cu modificarile si completarile ulterioare;<\/li><li>Ordinului ministrului educa\u0163iei na\u0163ionale nr. 4.434\/2014 privind aprobarea Metodologiei de organizare \u015fi desf\u0103\u015furare a examenului de certificare a calific\u0103rii absolven\u0163ilor \u00eenv\u0103\u0163\u0103m\u00e2ntului liceal, filiera tehnologic\u0103 cu modific\u0103rile ulterioare;<\/li><li>Ordinul ministrului educa\u021biei na\u021bionale nr. 4.435\/2014&nbsp; de aprobare a Metodologiei de organizare \u0219i desf\u0103\u0219urare a examenului de certificare a calific\u0103rii profesionale pentru absolven\u021bii \u00eenv\u0103\u021b\u0103m\u00e2ntului profesional cu durata de 3 ani cu modific\u0103rile ulterioare;<\/li><li>Procesul-verbal de \u0219edin\u021b\u0103 al Consiliului de administra\u021bie din 09.03.2021;<\/li><\/ul>\n\n\n\n<p>Potrivit prevederilor art. 10 \u2013 12, art. 14 alin.(1) din Metodologia \u2013 cadru de organizare \u015fi func\u0163ionare&nbsp; a consiliului de administra\u0163ie din unit\u0103\u0163ile de \u00eenv\u0103\u0163\u0103m\u00e2nt preuniversitar, aprobat\u0103 prin OMEN nr. 4619 din 22 septembrie 2014 cu modific\u0103rile ulterioare<\/p>\n\n\n\n<p><strong><u>HOT\u0102R\u0102\u0218TE:<\/u><\/strong><\/p>\n\n\n\n<p><strong><u>Art.1<\/u><\/strong> Se aprob\u0103 planul de preg\u0103tire a Examenelor de certificare a calific\u0103rii profesionale nivel 3 si 4.<\/p>\n\n\n\n<p><strong><u>&nbsp;Art.2<\/u><\/strong> Directorul Liceului Tehnologic D\u0103rm\u0103ne\u0219ti \u0219i Comisia de curriculum va duce la \u00eendeplinire a prezentei hot\u0103r\u00e2re.<\/p>\n\n\n\n<p>PRE\u0218EDINTE&nbsp; CA,<\/p>\n\n\n\n<p>Director prof. Asandei Maria<\/p>\n\n\n\n<p>&nbsp;Hot\u0103r\u00e2rea Nr. 21.4&nbsp; din 09.03.2021<\/p>\n\n\n\n<p>( hot\u0103r\u00e2rea a fost adoptat\u0103 cu 15 voturi)<\/p>\n","protected":false},"excerpt":{"rendered":"<p>Consiliul de Administra\u0163ie al Liceului Tehnologic D\u0103rm\u0103ne\u0219ti HOT\u0102R\u00c2RE privind aprobarea planului de preg\u0103tire a&nbsp;&nbsp; Examenelor de certificare a calific\u0103rii profesionale &hellip; <\/p>\n","protected":false},"author":1,"featured_media":0,"comment_status":"open","ping_status":"open","sticky":false,"template":"","format":"standard","meta":{"footnotes":""},"categories":[14],"tags":[],"class_list":["post-1266","post","type-post","status-publish","format-standard","hentry","category-hotarari-ca"],"_links":{"self":[{"href":"https:\/\/liceuldarmanesti.ro\/edu\/wp-json\/wp\/v2\/posts\/1266","targetHints":{"allow":["GET"]}}],"collection":[{"href":"https:\/\/liceuldarmanesti.ro\/edu\/wp-json\/wp\/v2\/posts"}],"about":[{"href":"https:\/\/liceuldarmanesti.ro\/edu\/wp-json\/wp\/v2\/types\/post"}],"author":[{"embeddable":true,"href":"https:\/\/liceuldarmanesti.ro\/edu\/wp-json\/wp\/v2\/users\/1"}],"replies":[{"embeddable":true,"href":"https:\/\/liceuldarmanesti.ro\/edu\/wp-json\/wp\/v2\/comments?post=1266"}],"version-history":[{"count":0,"href":"https:\/\/liceuldarmanesti.ro\/edu\/wp-json\/wp\/v2\/posts\/1266\/revisions"}],"wp:attachment":[{"href":"https:\/\/liceuldarmanesti.ro\/edu\/wp-json\/wp\/v2\/media?parent=1266"}],"wp:term":[{"taxonomy":"category","embeddable":true,"href":"https:\/\/liceuldarmanesti.ro\/edu\/wp-json\/wp\/v2\/categories?post=1266"},{"taxonomy":"post_tag","embeddable":true,"href":"https:\/\/liceuldarmanesti.ro\/edu\/wp-json\/wp\/v2\/tags?post=1266"}],"curies":[{"name":"wp","href":"https:\/\/api.w.org\/{rel}","templated":true}]}}