{"id":1299,"date":"2021-04-14T22:32:35","date_gmt":"2021-04-14T20:32:35","guid":{"rendered":"https:\/\/liceuldarmanesti.ro\/edu\/?p=1299"},"modified":"2021-04-14T22:32:37","modified_gmt":"2021-04-14T20:32:37","slug":"h-23-7-privind-modificarea-duratei-contractului-individual-de-munca-a-d-lui-prof-bfr-din-durata-determinata-de-un-an-in-contract-individual-de-munca-pe-durata-de-viabilitate-a-catedrei-02-04-2021","status":"publish","type":"post","link":"https:\/\/liceuldarmanesti.ro\/edu\/h-23-7-privind-modificarea-duratei-contractului-individual-de-munca-a-d-lui-prof-bfr-din-durata-determinata-de-un-an-in-contract-individual-de-munca-pe-durata-de-viabilitate-a-catedrei-02-04-2021\/","title":{"rendered":"H 23.7 privind modificarea duratei contractului individual de munc\u0103 a d-lui prof. BFR din durata determinat\u0103 de un  an \u00een contract individual de munc\u0103 pe durata de viabilitate a catedrei \/ 02.04.2021"},"content":{"rendered":"\n<p><strong>Consiliul de Administra\u0163ie al<\/strong> <strong>Liceului Tehnologic D\u0103rm\u0103ne\u0219ti<\/strong><\/p>\n\n\n\n<p><strong>HOT\u0102R\u00c2RE<\/strong> <strong>privind modificarea duratei contractului individual de munc\u0103 a d-lui<\/strong> <strong>prof.<\/strong> <strong>BFR<\/strong> <strong>din durata determinat\u0103 de un\u00a0\u00a0an \u00een contract individual de munc\u0103 pe durata de viabilitate a catedrei<\/strong><\/p>\n\n\n\n<p>Consiliul de Administra\u0163ie al <strong>Liceului Tehnologic D\u0103rm\u0103ne\u0219ti <\/strong>\u00eentrunit \u00een \u015fedin\u0163\u0103&nbsp; ordinar\u0103,<\/p>\n\n\n\n<p>Av\u00e2nd in vedere:<\/p>\n\n\n\n<ul class=\"wp-block-list\"><li>Legea educa\u021biei na\u021bionale nr. 1\/2011,\u00a0 art 93, 96,\u00a0 cu complet\u0103rile \u0219i modific\u0103rile ulterioare;<\/li><li>Regulamentul cadru de organizare \u0219i func\u021bionare a unit\u0103\u021bilor de \u00eenv\u0103\u021b\u0103m\u00e2nt preuniversitar aprobat prin OMEC 5447\/2020 cu modificarile si completarile ulterioare;<\/li><li>Cererea d-lui BFR nr. 1498 din 30.03.2021<\/li><li>Decizia ISJ Bac\u0103u nr. 379\/26\/18.06.2020 de repartizare a d-lui BFR pentru angajare pe durat\u0103 determinat\u0103 pe <strong>8 ore de RELIGIE ORTODOXA<\/strong> de la\u00a0\u00a0 Liceul Tehnologic D\u0103rm\u0103ne\u0219ti \u00een baza notei mai mari sau egale cu 7 la concursul na\u021bional de ocupare a posturilor\/ catedrelor vacante 2018;<\/li><li>Certificatul de acordare a Definitiv\u0103rii \u00een \u00eenv\u0103\u021b\u0103m\u00e2nt\u00a0 \u00eencep\u00e2nd cu 01.09.2018 seria Ad.Nr 0001069;<\/li><li>Rezultatele concursului national de titularizare din 2018;<\/li><li>Metodologia &#8211; cadru privind mobilitatea personalului didactic de predare din \u00eenv\u0103\u0163\u0103m\u00e2ntul preuniversitar \u00een anul \u015fcolar 2021-2022 &#8211; Anex\u0103 la ordinul ministrului educa\u0163iei na\u0163ionale OMEC nr. 5991.\/11.11.2020 -art.51;<\/li><li>Procesul-verbal de \u0219edin\u021b\u0103 al Consiliului de Administra\u021bie din 02.04.2021;<\/li><\/ul>\n\n\n\n<p>Potrivit prevederilor art. 10 \u2013 12, art. 14 alin.(1) din Metodologia \u2013 cadru de organizare \u015fi func\u0163ionare&nbsp; a consiliului de administra\u0163ie din unit\u0103\u0163ile de \u00eenv\u0103\u0163\u0103m\u00e2nt preuniversitar, aprobat\u0103 prin OMEN nr. 4619 din 22 septembrie 2014<\/p>\n\n\n\n<p><strong><u>HOT\u0102R\u0102\u0218TE:<\/u><\/strong><\/p>\n\n\n\n<p><strong><u>Art.1<\/u><\/strong> Se aprob\u0103 modificarea duratei contractului individual de munc\u0103 al d-lui <strong>BFR<\/strong> din durata determinat\u0103 de un an \u00een contract individual de munc\u0103 pe durata de viabilitate a unei catedre de <strong>religie ortodox\u0103<\/strong> constituit\u0103 astfel: <strong>\u0218coala Gimnazial\u0103 \u201d\u00cenv. Neculai P\u00e2slaru\u201d Ca\u0219in 9 ore + Colegiul Na\u021bional \u201d Dimitrie Cantemir\u201d One\u0219ti 7 ore + Liceul Tehnologic D\u0103rm\u0103ne\u0219ti 2 ore<\/strong>, conform art. 51 din Metodologia &#8211; cadru privind mobilitatea personalului didactic<\/p>\n\n\n\n<p><strong><u>Art.2<\/u><\/strong> Directorul Liceului Tehnologic D\u0103rm\u0103ne\u0219ti va \u00eenainta documentele corespunz\u0103toare la ISJ Bac\u0103u \u00een perioada prev\u0103zut\u0103 \u00een calendarul de mobilitate.<\/p>\n\n\n\n<p>PRE\u0218EDINTE&nbsp; CA,<\/p>\n\n\n\n<p>Director prof. Asandei Maria<\/p>\n\n\n\n<p>&nbsp;Hot\u0103r\u00e2rea Nr. 23.7&nbsp; din 02.01.2021<\/p>\n\n\n\n<p>( hot\u0103r\u00e2rea a fost adoptat\u0103 cu 13 voturi)<\/p>\n","protected":false},"excerpt":{"rendered":"<p>Consiliul de Administra\u0163ie al Liceului Tehnologic D\u0103rm\u0103ne\u0219ti HOT\u0102R\u00c2RE privind modificarea duratei contractului individual de munc\u0103 a d-lui prof. BFR din &hellip; <\/p>\n","protected":false},"author":1,"featured_media":0,"comment_status":"open","ping_status":"open","sticky":false,"template":"","format":"standard","meta":{"footnotes":""},"categories":[14],"tags":[],"class_list":["post-1299","post","type-post","status-publish","format-standard","hentry","category-hotarari-ca"],"_links":{"self":[{"href":"https:\/\/liceuldarmanesti.ro\/edu\/wp-json\/wp\/v2\/posts\/1299","targetHints":{"allow":["GET"]}}],"collection":[{"href":"https:\/\/liceuldarmanesti.ro\/edu\/wp-json\/wp\/v2\/posts"}],"about":[{"href":"https:\/\/liceuldarmanesti.ro\/edu\/wp-json\/wp\/v2\/types\/post"}],"author":[{"embeddable":true,"href":"https:\/\/liceuldarmanesti.ro\/edu\/wp-json\/wp\/v2\/users\/1"}],"replies":[{"embeddable":true,"href":"https:\/\/liceuldarmanesti.ro\/edu\/wp-json\/wp\/v2\/comments?post=1299"}],"version-history":[{"count":0,"href":"https:\/\/liceuldarmanesti.ro\/edu\/wp-json\/wp\/v2\/posts\/1299\/revisions"}],"wp:attachment":[{"href":"https:\/\/liceuldarmanesti.ro\/edu\/wp-json\/wp\/v2\/media?parent=1299"}],"wp:term":[{"taxonomy":"category","embeddable":true,"href":"https:\/\/liceuldarmanesti.ro\/edu\/wp-json\/wp\/v2\/categories?post=1299"},{"taxonomy":"post_tag","embeddable":true,"href":"https:\/\/liceuldarmanesti.ro\/edu\/wp-json\/wp\/v2\/tags?post=1299"}],"curies":[{"name":"wp","href":"https:\/\/api.w.org\/{rel}","templated":true}]}}