{"id":1307,"date":"2021-04-14T22:37:40","date_gmt":"2021-04-14T20:37:40","guid":{"rendered":"https:\/\/liceuldarmanesti.ro\/edu\/?p=1307"},"modified":"2021-04-14T22:37:42","modified_gmt":"2021-04-14T20:37:42","slug":"h-23-11-privind-decontarea-cheltuielilor-cu-naveta-personalului-didactic-si-didactic-auxiliar-pe-luna-martie-2021-02-04-2021","status":"publish","type":"post","link":"https:\/\/liceuldarmanesti.ro\/edu\/h-23-11-privind-decontarea-cheltuielilor-cu-naveta-personalului-didactic-si-didactic-auxiliar-pe-luna-martie-2021-02-04-2021\/","title":{"rendered":"H 23.11 privind decontarea cheltuielilor cu naveta personalului didactic \u0219i didactic auxiliar pe luna martie 2021 \/ 02.04.2021"},"content":{"rendered":"\n<p><strong>Consiliul de Administra\u0163ie al<\/strong> <strong>Liceului Tehnologic D\u0103rm\u0103ne\u0219ti<\/strong><\/p>\n\n\n\n<p><strong>HO<\/strong><strong>T\u0102R\u00c2RE<\/strong><\/p>\n\n\n\n<p><strong>privind decontarea cheltuielilor cu naveta personalului didactic \u0219i didactic auxiliar pe luna martie 2021<\/strong><\/p>\n\n\n\n<p>Consiliul de Administra\u0163ie al Liceului Tehnologic D\u0103rm\u0103ne\u0219ti \u00eentrunit \u00een \u015fedin\u0163\u0103&nbsp; ordinar\u0103,<\/p>\n\n\n\n<p>Av\u00e2nd in vedere:<\/p>\n\n\n\n<ul class=\"wp-block-list\"><li>Legea educa\u021biei na\u021bionale nr. 1\/2011,&nbsp; art 93, 96, 105&nbsp; cu complet\u0103rile \u0219i modific\u0103rile ulterioare;<\/li><li>Regulamentul cadru de organizare \u0219i func\u021bionare a unit\u0103\u021bilor de \u00eenv\u0103\u021b\u0103m\u00e2nt preuniversitar aprobat prin OMEC 5447\/2020;<\/li><li>HG 569\/2015 pentru aprobarea Normelor metodologice privind decontarea cheltuielilor pentru naveta personalului didactic;<\/li><li>Procesul-verbal de \u0219edin\u021b\u0103 al Consiliului de administra\u021bie din 02.04.2020;<\/li><\/ul>\n\n\n\n<p>Potrivit prevederilor art. 10 \u2013 12, art. 14 alin.(1) din Metodologia \u2013 cadru de organizare \u015fi func\u0163ionare&nbsp; a consiliului de administra\u0163ie din unit\u0103\u0163ile de \u00eenv\u0103\u0163\u0103m\u00e2nt preuniversitar, aprobat\u0103 prin OMEN nr. 4619 din 22 septembrie 2014 cu modific\u0103rile ulterioare<\/p>\n\n\n\n<p><strong><u>HOT\u0102R\u0102\u0218TE:<\/u><\/strong><\/p>\n\n\n\n<p><strong><u>Art.1<\/u><\/strong> Se aprob\u0103&nbsp; decontarea navetei personalului didactic \u0219i didactic auxiliar pe luna martie 2021conform anexei 1 la prezenta hot\u0103r\u00e2re.<strong><\/strong><\/p>\n\n\n\n<p><strong><u>&nbsp;Art.2<\/u><\/strong> Conducerea unit\u0103\u021bii&nbsp; \u0219i serviciulsecretariat vor duce la \u00eendeplinire prezenta hot\u0103r\u00e2re.<\/p>\n\n\n\n<p>PRE\u0218EDINTE&nbsp; CA,<\/p>\n\n\n\n<p>Director prof. Asandei Maria<\/p>\n\n\n\n<p>Hot\u0103r\u00e2rea Nr. 23.11 din 02.04.2021<\/p>\n\n\n\n<p>( hot\u0103r\u00e2rea a fost adoptat\u0103 cu 14 voturi)<\/p>\n","protected":false},"excerpt":{"rendered":"<p>Consiliul de Administra\u0163ie al Liceului Tehnologic D\u0103rm\u0103ne\u0219ti HOT\u0102R\u00c2RE privind decontarea cheltuielilor cu naveta personalului didactic \u0219i didactic auxiliar pe luna &hellip; <\/p>\n","protected":false},"author":1,"featured_media":0,"comment_status":"open","ping_status":"open","sticky":false,"template":"","format":"standard","meta":{"footnotes":""},"categories":[14],"tags":[],"class_list":["post-1307","post","type-post","status-publish","format-standard","hentry","category-hotarari-ca"],"_links":{"self":[{"href":"https:\/\/liceuldarmanesti.ro\/edu\/wp-json\/wp\/v2\/posts\/1307","targetHints":{"allow":["GET"]}}],"collection":[{"href":"https:\/\/liceuldarmanesti.ro\/edu\/wp-json\/wp\/v2\/posts"}],"about":[{"href":"https:\/\/liceuldarmanesti.ro\/edu\/wp-json\/wp\/v2\/types\/post"}],"author":[{"embeddable":true,"href":"https:\/\/liceuldarmanesti.ro\/edu\/wp-json\/wp\/v2\/users\/1"}],"replies":[{"embeddable":true,"href":"https:\/\/liceuldarmanesti.ro\/edu\/wp-json\/wp\/v2\/comments?post=1307"}],"version-history":[{"count":0,"href":"https:\/\/liceuldarmanesti.ro\/edu\/wp-json\/wp\/v2\/posts\/1307\/revisions"}],"wp:attachment":[{"href":"https:\/\/liceuldarmanesti.ro\/edu\/wp-json\/wp\/v2\/media?parent=1307"}],"wp:term":[{"taxonomy":"category","embeddable":true,"href":"https:\/\/liceuldarmanesti.ro\/edu\/wp-json\/wp\/v2\/categories?post=1307"},{"taxonomy":"post_tag","embeddable":true,"href":"https:\/\/liceuldarmanesti.ro\/edu\/wp-json\/wp\/v2\/tags?post=1307"}],"curies":[{"name":"wp","href":"https:\/\/api.w.org\/{rel}","templated":true}]}}