{"id":1325,"date":"2021-05-14T09:25:25","date_gmt":"2021-05-14T07:25:25","guid":{"rendered":"https:\/\/liceuldarmanesti.ro\/edu\/?p=1325"},"modified":"2021-05-26T08:39:24","modified_gmt":"2021-05-26T06:39:24","slug":"inscrierile-la-gradinita-a-prescolarilor-pentru-anul-2021-2022","status":"publish","type":"post","link":"https:\/\/liceuldarmanesti.ro\/edu\/inscrierile-la-gradinita-a-prescolarilor-pentru-anul-2021-2022\/","title":{"rendered":"\u00ceNSCRIERILE LA GRADINI\u0162\u0102 A PRE\u015eCOLARILOR PENTRU ANUL 2021-2022"},"content":{"rendered":"\n<p><strong><u>\u00ceNSCRIERILE LA GRADINI\u0162\u0102 A PRE\u015eCOLARILOR PENTRU ANUL 2021-2022<\/u><\/strong><\/p>\n\n\n\n<ul class=\"wp-block-list\"><li>Vor \u00eencepe \u00een data de 31 mai 2021<\/li><li>Se fac de luni p\u0103n\u0103 vineri \u00een intervalul orar&nbsp; <strong>09.00-17:00<\/strong><\/li><li><strong>Acte necesare pentru \u00eenscriere:<\/strong><\/li><li><strong>Copie certificat na\u015ftere copil;<\/strong><\/li><li><strong>Copie acte de identitate p\u0103rin\u0163i;<\/strong><\/li><\/ul>\n\n\n\n<p><strong><u>\u00ceNSCRIERILE \u00ceN APLICA\u0162IA INFORMATIC\u0102 SIIIR SE FAC LA SECRETARIATUL LICEULUI TEHNOLOGIC D\u0102RM\u0102NE\u015eTI<\/u><\/strong><\/p>\n\n\n\n<p><strong>&nbsp;&nbsp;&nbsp;&nbsp;&nbsp;&nbsp;&nbsp;&nbsp;&nbsp;&nbsp;&nbsp;&nbsp;&nbsp;&nbsp;&nbsp; CRITERII GENERALE DE DEPARTAJARE:<\/strong><\/p>\n\n\n\n<ul class=\"wp-block-list\"><li>Existen\u0163a unui document care dovede\u015fte c\u0103 un copil este orfan de ambii p\u0103rin\u0163i ( situa\u0163ia copilului care provine de la o cas\u0103 de copii\/un centru de plasament\/plasamentfamilial se asimileaz\u0103 stitua\u0163iei copilului orfan de ambii p\u0103rin\u0163i);<\/li><li>Existen\u0163a unui document care dovede\u015fte c\u0103 un copil este orfan de un singur p\u0103rinte;<\/li><li>Existen\u0163a unui frate\/ a unei surori \u00eenmatriculat\/inmatriculat\u0103 \u00een anul \u015fcolar urm\u0103tor \u00een unitatea de \u00eenv\u0103\u0163\u0103m\u00e2nt;<\/li><\/ul>\n\n\n\n<p>Existen\u0163a unui document medical eliberat de medicul specialist\/certificat de orientare \u015fcolar\u0103 \u015fi profesional\u0103\/certificat de \u00eencadrare \u00een grad de handicap a copilului;<\/p>\n\n\n\n<p><strong>CRITERII SPECIFICE DE DEPARTAJARE:<\/strong><\/p>\n\n\n\n<ul class=\"wp-block-list\"><li>Locul de munca al p\u0103rin\u0163ilor este \u00een proximitatea Liceului Tehnologic D\u0103rm\u0103ne\u015fti (adeverin\u0163\u0103 de la locul de munc\u0103 al p\u0103rintelui);<\/li><li>Familie monoparental\u0103 cu un singur salariat (adeverin\u0163\u0103 de la locul de munc\u0103 al p\u0103rintelui);<\/li><li>Bunicii au domiciliul in circumscrip\u0163ia&nbsp; \u015fcolar\u0103 a Liceului Tehnologic D\u0103rm\u0103ne\u015fti( copie dup\u0103 actul de identitate al bunicilor si document care dovede\u015fte ca este in grija bunicilor);<\/li><\/ul>\n\n\n\n<p><strong>PLANUL DE \u015eCOLARIZARE PENTRU ANUL \u015eCOLAR 2021-2022 cuprinde urm\u0103toarele locuri:<\/strong><\/p>\n\n\n\n<ul class=\"wp-block-list\"><li>Grupa mic\u0103 program prelungit \u2013 20 locuri<\/li><li>Grupa mic\u0103 program normal &#8211; 20 locuri<\/li><\/ul>\n\n\n\n<p>Director,<\/p>\n\n\n\n<p>Prof. Asandei Maria<\/p>\n","protected":false},"excerpt":{"rendered":"<p>\u00ceNSCRIERILE LA GRADINI\u0162\u0102 A PRE\u015eCOLARILOR PENTRU ANUL 2021-2022 Vor \u00eencepe \u00een data de 31 mai 2021 Se fac de luni &hellip; <\/p>\n","protected":false},"author":1,"featured_media":0,"comment_status":"open","ping_status":"open","sticky":false,"template":"","format":"standard","meta":{"footnotes":""},"categories":[28,13,32],"tags":[],"class_list":["post-1325","post","type-post","status-publish","format-standard","hentry","category-admitere","category-anunturi","category-inscriere-gradinita"],"_links":{"self":[{"href":"https:\/\/liceuldarmanesti.ro\/edu\/wp-json\/wp\/v2\/posts\/1325","targetHints":{"allow":["GET"]}}],"collection":[{"href":"https:\/\/liceuldarmanesti.ro\/edu\/wp-json\/wp\/v2\/posts"}],"about":[{"href":"https:\/\/liceuldarmanesti.ro\/edu\/wp-json\/wp\/v2\/types\/post"}],"author":[{"embeddable":true,"href":"https:\/\/liceuldarmanesti.ro\/edu\/wp-json\/wp\/v2\/users\/1"}],"replies":[{"embeddable":true,"href":"https:\/\/liceuldarmanesti.ro\/edu\/wp-json\/wp\/v2\/comments?post=1325"}],"version-history":[{"count":0,"href":"https:\/\/liceuldarmanesti.ro\/edu\/wp-json\/wp\/v2\/posts\/1325\/revisions"}],"wp:attachment":[{"href":"https:\/\/liceuldarmanesti.ro\/edu\/wp-json\/wp\/v2\/media?parent=1325"}],"wp:term":[{"taxonomy":"category","embeddable":true,"href":"https:\/\/liceuldarmanesti.ro\/edu\/wp-json\/wp\/v2\/categories?post=1325"},{"taxonomy":"post_tag","embeddable":true,"href":"https:\/\/liceuldarmanesti.ro\/edu\/wp-json\/wp\/v2\/tags?post=1325"}],"curies":[{"name":"wp","href":"https:\/\/api.w.org\/{rel}","templated":true}]}}