{"id":1416,"date":"2021-06-07T07:32:45","date_gmt":"2021-06-07T05:32:45","guid":{"rendered":"https:\/\/liceuldarmanesti.ro\/edu\/?p=1416"},"modified":"2021-06-07T07:32:47","modified_gmt":"2021-06-07T05:32:47","slug":"viziunea-scolii","status":"publish","type":"post","link":"https:\/\/liceuldarmanesti.ro\/edu\/viziunea-scolii\/","title":{"rendered":"Viziunea  scolii"},"content":{"rendered":"\n<p>\u015ecoala noastr\u0103 \u00ee\u015fi propune s\u0103 dezvolte un \u00eenv\u0103\u0163\u0103m\u00e2nt de nivel european: acces la educa\u0163ie<br>pentru to\u0163i elevii (\u00eenv\u0103\u0163\u0103m\u00e2nt incluziv), performan\u0163\u0103 pentru fiecare elev, cadre didactice motivate,<br>colaborare, cooperare, toleran\u0163\u0103 \u015fi deschidere. Dorim s\u0103 organiz\u0103m procesul de \u00eenv\u0103\u0163\u0103m\u00e2nt astfel<br>\u00eenc\u00e2t s\u0103 cre\u015ftem \u015fansele de reu\u015fit\u0103 ale tuturor absolven\u0163ilor no\u015ftri.<br>Se urm\u0103re\u015fte astfel:<br>\u25aa La nivelul \u00eenv\u0103\u0163\u0103m\u00e2ntului pre\u015fcolar s\u0103 dob\u00e2ndeasc\u0103 deprinderi de baz\u0103 \u00een ceea ce prive\u015fte<br>comportamentul, s\u0103 se adapteze cu u\u015furin\u0163\u0103 cerin\u0163elor ciclului primar;<br>\u25aa La nivelul \u00eenv\u0103\u0163\u0103m\u00e2ntului primar s\u0103 continue studiul cu succes \u00een \u00eenv\u0103\u0163\u0103m\u00e2ntul gimnazial;<br>\u25aa La ciclul gimnazial posibilitatea de a urma liceul;<br>\u25aa La ciclul liceal &#8211; filiera tehnologic\u0103 &#8211; posibilitatea de a se \u00eencadra \u00een produc\u0163ie \u015fi de a-\u015fi<br>dezvolta aptitudinile \u00een \u015fcoli postliceale \u015fi \u00een \u00eenv\u0103\u0163\u0103m\u00e2ntul superior;<br>\u25aa La \u00eenv\u0103\u021b\u0103m\u00e2ntul profesional &#8211; posibilitatea de a se \u00eencadra \u00een produc\u0163ie \u015fi de a-\u015fi continua<br>studiile \u00een \u00eenv\u0103\u0163\u0103m\u00e2ntul liceal -ciclul superior<\/p>\n","protected":false},"excerpt":{"rendered":"<p>\u015ecoala noastr\u0103 \u00ee\u015fi propune s\u0103 dezvolte un \u00eenv\u0103\u0163\u0103m\u00e2nt de nivel european: acces la educa\u0163iepentru to\u0163i elevii (\u00eenv\u0103\u0163\u0103m\u00e2nt incluziv), performan\u0163\u0103 pentru &hellip; <\/p>\n","protected":false},"author":1,"featured_media":0,"comment_status":"open","ping_status":"open","sticky":false,"template":"","format":"standard","meta":{"footnotes":""},"categories":[1],"tags":[],"class_list":["post-1416","post","type-post","status-publish","format-standard","hentry","category-uncategorized"],"_links":{"self":[{"href":"https:\/\/liceuldarmanesti.ro\/edu\/wp-json\/wp\/v2\/posts\/1416","targetHints":{"allow":["GET"]}}],"collection":[{"href":"https:\/\/liceuldarmanesti.ro\/edu\/wp-json\/wp\/v2\/posts"}],"about":[{"href":"https:\/\/liceuldarmanesti.ro\/edu\/wp-json\/wp\/v2\/types\/post"}],"author":[{"embeddable":true,"href":"https:\/\/liceuldarmanesti.ro\/edu\/wp-json\/wp\/v2\/users\/1"}],"replies":[{"embeddable":true,"href":"https:\/\/liceuldarmanesti.ro\/edu\/wp-json\/wp\/v2\/comments?post=1416"}],"version-history":[{"count":0,"href":"https:\/\/liceuldarmanesti.ro\/edu\/wp-json\/wp\/v2\/posts\/1416\/revisions"}],"wp:attachment":[{"href":"https:\/\/liceuldarmanesti.ro\/edu\/wp-json\/wp\/v2\/media?parent=1416"}],"wp:term":[{"taxonomy":"category","embeddable":true,"href":"https:\/\/liceuldarmanesti.ro\/edu\/wp-json\/wp\/v2\/categories?post=1416"},{"taxonomy":"post_tag","embeddable":true,"href":"https:\/\/liceuldarmanesti.ro\/edu\/wp-json\/wp\/v2\/tags?post=1416"}],"curies":[{"name":"wp","href":"https:\/\/api.w.org\/{rel}","templated":true}]}}