{"id":1557,"date":"2022-03-30T10:18:09","date_gmt":"2022-03-30T08:18:09","guid":{"rendered":"https:\/\/liceuldarmanesti.ro\/edu\/?p=1557"},"modified":"2022-03-30T17:42:31","modified_gmt":"2022-03-30T15:42:31","slug":"in-atentia-parintilor","status":"publish","type":"post","link":"https:\/\/liceuldarmanesti.ro\/edu\/in-atentia-parintilor\/","title":{"rendered":"\u00cen aten\u021bia p\u0103rin\u021bilor !"},"content":{"rendered":"\n<p>\u00cen aten\u021bia p\u0103rin\u021bilor !<\/p>\n\n\n\n<p>P\u0103rin\u021bii ai c\u0103ror copii \u00eemplinesc \u00een anul curent v\u00e2rsta de 6 ani \u00een perioada 1 septembrie \u2013 31 decembrie 2022 \u0219i care nu au frecventat gr\u0103dini\u021ba ori s-au \u00eentors din str\u0103in\u0103tate, depun prin e-mail sau prin po\u0219t\u0103 la CJRAE Bac\u0103u cererea-tip \u00een care solicit\u0103 evaluarea copilului \u00een vederea stabilirii nivelului de dezvoltare a acestuia, prev\u0103zut\u0103 \u00een Anexa 2 la Metodologia de \u00eenscrierea copiilor \u00een \u00eenv\u0103\u021b\u0103m\u00e2ntul primar (Metodologie).<\/p>\n\n\n\n<p>Perioada de desf\u0103\u0219urare a activit\u0103\u021bii de evaluare a dezvolt\u0103rii copiilor efectuat\u0103 de c\u0103tre CJRAE Bac\u0103u este 30 martie \u2013 8 aprilie 2022.<\/p>\n\n\n\n<p>Centrele de evaluare a dezvolt\u0103rii copilului sunt organizate de c\u0103tre CJRAE Bac\u0103u \u00een urm\u0103toarele institu\u021bii de \u00eenv\u0103\u021b\u0103m\u00e2nt (Lista centrelor de evaluare a dezvoltarii).<\/p>\n\n\n\n<p>Activitatea \u00een cadrul Centrelor de evaluare a dezvolt\u0103rii copilului organizate de CJRAE Bac\u0103u va fi rezlizat\u0103 \u00een intervalul 10.00 \u2013 18.00, pe baza unei program\u0103ri telefonice la institu\u021biile de \u00eenv\u0103\u021b\u0103m\u00e2nt unde exist\u0103 centrele de evaluare a dezvolt\u0103rii, astfel \u00eenc\u00e2t programul de desf\u0103\u0219urare s\u0103 poat\u0103 fi adaptat \u00een func\u021bie de solicit\u0103ri.<\/p>\n\n\n\n<p>Rezultatul evalu\u0103rii dezvolt\u0103rii copilului (\u00eenscriere \u00een clasa preg\u0103titoare \/ grupa mare, dup\u0103 caz) este comunicat \u00een scris, prin e-mail sau prin po\u0219t\u0103, cu confirmare de primire, dup\u0103 caz, sau este \u00eenm\u00e2nat direct p\u0103rintelui \/ tutorelui legal \/reprezentantului legal care a solicitat evlauarea.<\/p>\n\n\n","protected":false},"excerpt":{"rendered":"<p>\u00cen aten\u021bia p\u0103rin\u021bilor ! P\u0103rin\u021bii ai c\u0103ror copii \u00eemplinesc \u00een anul curent v\u00e2rsta de 6 ani \u00een perioada 1 septembrie &hellip; <\/p>\n","protected":false},"author":1,"featured_media":0,"comment_status":"open","ping_status":"open","sticky":false,"template":"","format":"standard","meta":{"footnotes":""},"categories":[13,33],"tags":[],"class_list":["post-1557","post","type-post","status-publish","format-standard","hentry","category-anunturi","category-inscriere-clasa-pregatitoare"],"_links":{"self":[{"href":"https:\/\/liceuldarmanesti.ro\/edu\/wp-json\/wp\/v2\/posts\/1557","targetHints":{"allow":["GET"]}}],"collection":[{"href":"https:\/\/liceuldarmanesti.ro\/edu\/wp-json\/wp\/v2\/posts"}],"about":[{"href":"https:\/\/liceuldarmanesti.ro\/edu\/wp-json\/wp\/v2\/types\/post"}],"author":[{"embeddable":true,"href":"https:\/\/liceuldarmanesti.ro\/edu\/wp-json\/wp\/v2\/users\/1"}],"replies":[{"embeddable":true,"href":"https:\/\/liceuldarmanesti.ro\/edu\/wp-json\/wp\/v2\/comments?post=1557"}],"version-history":[{"count":0,"href":"https:\/\/liceuldarmanesti.ro\/edu\/wp-json\/wp\/v2\/posts\/1557\/revisions"}],"wp:attachment":[{"href":"https:\/\/liceuldarmanesti.ro\/edu\/wp-json\/wp\/v2\/media?parent=1557"}],"wp:term":[{"taxonomy":"category","embeddable":true,"href":"https:\/\/liceuldarmanesti.ro\/edu\/wp-json\/wp\/v2\/categories?post=1557"},{"taxonomy":"post_tag","embeddable":true,"href":"https:\/\/liceuldarmanesti.ro\/edu\/wp-json\/wp\/v2\/tags?post=1557"}],"curies":[{"name":"wp","href":"https:\/\/api.w.org\/{rel}","templated":true}]}}