{"id":243,"date":"2016-11-15T10:50:19","date_gmt":"2016-11-15T10:50:19","guid":{"rendered":"https:\/\/raratheme.com\/preview\/education-zone\/?p=243"},"modified":"2021-03-07T08:54:58","modified_gmt":"2021-03-07T06:54:58","slug":"obiective","status":"publish","type":"post","link":"https:\/\/liceuldarmanesti.ro\/edu\/obiective\/","title":{"rendered":"Obiective"},"content":{"rendered":"\n<figure class=\"wp-block-image size-large\"><img loading=\"lazy\" decoding=\"async\" width=\"1024\" height=\"384\" src=\"https:\/\/liceuldarmanesti.ro\/edu\/wp-content\/uploads\/2021\/02\/liceu-1024x384.png\" alt=\"\" class=\"wp-image-13\" srcset=\"https:\/\/liceuldarmanesti.ro\/edu\/wp-content\/uploads\/2021\/02\/liceu-1024x384.png 1024w, https:\/\/liceuldarmanesti.ro\/edu\/wp-content\/uploads\/2021\/02\/liceu-300x113.png 300w, https:\/\/liceuldarmanesti.ro\/edu\/wp-content\/uploads\/2021\/02\/liceu-768x288.png 768w, https:\/\/liceuldarmanesti.ro\/edu\/wp-content\/uploads\/2021\/02\/liceu-1536x576.png 1536w\" sizes=\"auto, (max-width: 1024px) 100vw, 1024px\" \/><\/figure>\n\n\n<p>Dorim pentru elevii no\u015ftri:<\/p>\n<ul>\n<li>Oferirea unui mediu de \u00eenv\u0103\u0163are care s\u0103 \u00eencurajeze dezvoltarea poten\u0163ialului individual \u015fi a responsabilit\u0103\u0163ilor personale;<\/li>\n<li>Asigurarea respectului, egalit\u0103\u0163ii \u015fi demnit\u0103\u0163ii fiec\u0103rui individ, respectarea diversit\u0103\u0163ii etnice \u015fi culturale;<\/li>\n<li>Realizarea unor parteneriate reale cu familiile elevilor \u015fi comunitatea local\u0103;<\/li>\n<li>Recunoa\u015fterea \u015fi aprecierea valorilor;Oferirea unor programe educative variate \u015fi atractive;<\/li>\n<li>Dezvoltarea abilit\u0103\u0163ilor de g\u00e2ndire creativ\u0103 \u015fi critic\u0103;<\/li>\n<li>\u00cencurajarea ini\u0163iativei ;<\/li>\n<li>Implementarea noilor tehnologii informa\u0163ionale;<\/li>\n<li>Crearea unui climat de \u00eenv\u0103\u0163are propice dezvolt\u0103rii personalit\u0103\u0163ii \u015fi o puternic\u0103 etic\u0103 a muncii;<\/li>\n<li>Implicarea \u00een programe educa\u0163ionale \u00een scopul facilit\u0103rii i procesului de integrare european\u0103;<\/li>\n<li>Asigurarea tuturor tinerilor de \u015fanse egale \u00een ob\u0163inerea unei calific\u0103ri profesionale adecvate, la standarde europene, printr-o ofert\u0103 care s\u0103 r\u0103spund\u0103 nevoilor fiec\u0103rui individ.<\/li>\n<li>Dezvoltarea abilit\u0103\u0163ilor de g\u00e2ndire creativ\u0103 \u015fi critic\u0103;<\/li>\n<li>\u00cencurajarea ini\u0163iativei ;<\/li>\n<li>Implementarea noilor tehnologii informa\u0163ionale;<\/li>\n<li>Crearea unui climat de \u00eenv\u0103\u0163are propice dezvolt\u0103rii personalit\u0103\u0163ii \u015fi o puternic\u0103 etic\u0103 a muncii;<\/li>\n<li>\nImplicarea \u00een programe educa\u0163ionale \u00een scopul facilit\u0103rii i procesului de integrare european\u0103;<\/li>\n<li>Asigurarea tuturor tinerilor de \u015fanse egale \u00een ob\u0163inerea unei calific\u0103ri profesionale adecvate, la standarde europene, printr-o ofert\u0103 care s\u0103 r\u0103spund\u0103 nevoilor fiec\u0103rui individ.<\/li>\n<\/ul>\n<p>VIZIUNEA<br>\n\u015ecoala noastr\u0103 \u00ee\u015fi propune s\u0103 dezvolte un \u00eenv\u0103\u0163\u0103m\u00e2nt de nivel european: acces la educa\u0163ie pentru to\u0163i elevii (\u00eenv\u0103\u0163\u0103m\u00e2nt incluziv), performan\u0163\u0103 pentru fiecare elev, cadre didactice motivate, colaborare, cooperare, toleran\u0163\u0103 \u015fi deschidere.<br>\nDorim s\u0103 organiz\u0103m procesul de \u00eenv\u0103\u0163\u0103m\u00e2nt astfel \u00eenc\u00e2t s\u0103 cre\u015ftem \u015fansele de reu\u015fit\u0103 ale tuturor absolven\u0163ilor no\u015ftri.<\/p>\n<p>Se urm\u0103re\u015fte astfel:<\/p>\n<ul>\n<li>La nivelul \u00eenv\u0103\u021b\u0103m\u00e2ntului pre\u015fcolar sa dob\u00e2ndeasc\u0103 deprinderi de baz\u0103 \u00een ceea ce prive\u015fte comportamentul (rela\u0163ionarea \u00een grupul de copiii), s\u0103 se adapteze cu u\u015furin\u0163\u0103 cerin\u0163elor ciclului primar;<\/li>\n<li>La nivelul \u00eenv\u0103\u021b\u0103m\u00e2ntului primar s\u0103 continue studiul cu succes \u00een \u00eenv gimnazial;<\/li>\n<li>La ciclul gimnazial posibilitatea de a urma liceul;<\/li>\n<li>La ciclul liceal \u2013 filiera teoretic\u0103 &#8211; posibilitatea de a continua studiile \u00een institu\u0163ii de \u00eenv\u0103\u0163\u0103m\u00e2nt superior;<\/li>\n<li>La ciclul liceal &#8211; filiera tehnologic\u0103 &#8211; posibilitatea de a se \u00eencadra \u00een produc\u0163ie \u015fi de a-\u015fi dezvolta aptitudinile \u00een \u015fcoli postliceale \u015fi \u00een \u00eenv\u0103\u0163\u0103m\u00e2ntul superior;<\/li>\n<\/ul>","protected":false},"excerpt":{"rendered":"<p>Dorim pentru elevii no\u015ftri: Oferirea unui mediu de \u00eenv\u0103\u0163are care s\u0103 \u00eencurajeze dezvoltarea poten\u0163ialului individual \u015fi a responsabilit\u0103\u0163ilor personale; Asigurarea &hellip; <\/p>\n","protected":false},"author":1,"featured_media":261,"comment_status":"closed","ping_status":"closed","sticky":false,"template":"","format":"standard","meta":{"footnotes":""},"categories":[1],"tags":[],"class_list":["post-243","post","type-post","status-publish","format-standard","has-post-thumbnail","hentry","category-uncategorized"],"_links":{"self":[{"href":"https:\/\/liceuldarmanesti.ro\/edu\/wp-json\/wp\/v2\/posts\/243","targetHints":{"allow":["GET"]}}],"collection":[{"href":"https:\/\/liceuldarmanesti.ro\/edu\/wp-json\/wp\/v2\/posts"}],"about":[{"href":"https:\/\/liceuldarmanesti.ro\/edu\/wp-json\/wp\/v2\/types\/post"}],"author":[{"embeddable":true,"href":"https:\/\/liceuldarmanesti.ro\/edu\/wp-json\/wp\/v2\/users\/1"}],"replies":[{"embeddable":true,"href":"https:\/\/liceuldarmanesti.ro\/edu\/wp-json\/wp\/v2\/comments?post=243"}],"version-history":[{"count":0,"href":"https:\/\/liceuldarmanesti.ro\/edu\/wp-json\/wp\/v2\/posts\/243\/revisions"}],"wp:featuredmedia":[{"embeddable":true,"href":"https:\/\/liceuldarmanesti.ro\/edu\/wp-json\/wp\/v2\/media\/261"}],"wp:attachment":[{"href":"https:\/\/liceuldarmanesti.ro\/edu\/wp-json\/wp\/v2\/media?parent=243"}],"wp:term":[{"taxonomy":"category","embeddable":true,"href":"https:\/\/liceuldarmanesti.ro\/edu\/wp-json\/wp\/v2\/categories?post=243"},{"taxonomy":"post_tag","embeddable":true,"href":"https:\/\/liceuldarmanesti.ro\/edu\/wp-json\/wp\/v2\/tags?post=243"}],"curies":[{"name":"wp","href":"https:\/\/api.w.org\/{rel}","templated":true}]}}