{"id":965,"date":"2021-04-07T05:43:19","date_gmt":"2021-04-07T03:43:19","guid":{"rendered":"https:\/\/liceuldarmanesti.ro\/edu\/?p=965"},"modified":"2021-04-07T05:46:08","modified_gmt":"2021-04-07T03:46:08","slug":"h1-1-hotarare-aprobare-repartizare-plata-cu-ora-01-09-2020","status":"publish","type":"post","link":"https:\/\/liceuldarmanesti.ro\/edu\/h1-1-hotarare-aprobare-repartizare-plata-cu-ora-01-09-2020\/","title":{"rendered":"H1.1 Hotarare aprobare repartizare plata cu ora \/01.09.2020"},"content":{"rendered":"\n<p><strong>Liceului Tehnologic D\u0103rm\u0103ne\u0219ti<\/strong><\/p>\n\n\n\n<p><strong>HO<\/strong><strong>T\u0102R\u00c2RE<\/strong><\/p>\n\n\n\n<p><strong>privind aprobarea repartiz\u0103rii la plata cu ora a catedrelor\/ orelor neocupate<\/strong><\/p>\n\n\n\n<p><strong>&nbsp;\u00een anul&nbsp; 2020-2021<\/strong><\/p>\n\n\n\n<p>Consiliul de Administra\u0163ie al Liceului Tehnologic D\u0103rm\u0103ne\u0219ti\u00eentrunit \u00een \u015fedin\u0163\u0103 ordinar\u0103,<\/p>\n\n\n\n<ul class=\"wp-block-list\"><li>Lu\u00e2nd \u00een considerare,<\/li><li>&nbsp;Art.93,&nbsp; 96 din Legea educa\u021biei na\u021bionale nr. 1\/2011,<\/li><\/ul>\n\n\n\n<p>Av\u00e2nd in vedere:<\/p>\n\n\n\n<ul class=\"wp-block-list\"><li>Art. 21, 22 din Regulamentul de organizare \u0219i func\u021bionare a unit\u0103\u021bilor de \u00eenv\u0103\u021b\u0103m\u00e2nt preuniversitar 2016 aprobat prin OMENC\u0218 nr. 5079\/ 2016 cu modificarile si completarile ulterioare;<\/li><li>Art 94 din Metodologia &#8211; cadru privind mobilitatea personalului didactic de predare din \u00eenv\u0103\u0163\u0103m\u00e2ntul preuniversitar \u00een anul \u015fcolar 2020-2021, Anex\u0103 la ordinul ministrului educa\u0163iei \u0219i cercet\u0103rii nr. 5259\/12.11.2019&nbsp; cu modific\u0103rile \u0219i complet\u0103rle ulterioare;<\/li><li>Neocuparea \u00een \u0219edin\u021bele publice p\u00e2n\u0103 la data de 06.09.2019;<\/li><li>Potrivit prevederilor art. 10 \u2013 12, art. 14 alin.(1) din Metodologia \u2013 cadru de organizare \u015fi func\u0163ionare&nbsp; a consiliului de administra\u0163ie din unit\u0103\u0163ile de \u00eenv\u0103\u0163\u0103m\u00e2nt preuniversitar, aprobat\u0103 prin OMEN nr. 4619 din 22 septembrie 2014 cu modific\u0103rile \u0219i complet\u0103rle ulterioare<\/li><li>Procesul-verbal de \u0219edin\u021b\u0103 al Consiliului de administra\u021bie din 01.09.2020;<\/li><\/ul>\n\n\n\n<p><strong>HOT\u0102R\u0102\u015eTE<\/strong><\/p>\n\n\n\n<p><strong><u>Art.1<\/u><\/strong><strong>. <\/strong>Se aprob\u0103 aprob\u0103 repartizarea orelor de fizic\u0103 r\u0103mase neocupate astfel:<\/p>\n\n\n\n<p>-prof. titular&nbsp; Mo\u021bei Elena&nbsp; 9,52 ore &nbsp;vacante:<\/p>\n\n\n\n<figure class=\"wp-block-table\"><table><tbody><tr><td>7B<\/td><td>2<\/td><\/tr><tr><td>6A<\/td><td>2<\/td><\/tr><tr><td>6B<\/td><td>2<\/td><\/tr><tr><td>IXM1prof<\/td><td>0,94<\/td><\/tr><tr><td>IXM2prof<\/td><td>0,94<\/td><\/tr><tr><td><em>X<\/em>M1prof<\/td><td>0,82<\/td><\/tr><tr><td>XM2prof<\/td><td>0,82<\/td><\/tr><\/tbody><\/table><\/figure>\n\n\n\n<p>-personal asociat ( laborant)&nbsp; Coman Marian 8,59 ore rezervate director:<\/p>\n\n\n\n<figure class=\"wp-block-table\"><table><tbody><tr><td>9T<\/td><td>2<\/td><\/tr><tr><td>9E<\/td><td>2<\/td><\/tr><tr><td>12I<\/td><td>3<\/td><\/tr><tr><td>XIM prof<\/td><td>1,59<\/td><\/tr><\/tbody><\/table><\/figure>\n\n\n\n<p><strong><u>Art.2<\/u><\/strong><strong>. <\/strong>Se aprob\u0103 aprob\u0103 repartizarea orelor de Logic\u0103, argumentare \u0219i comunicare&nbsp; r\u0103mase neocupate 1,8 ore d-lui prof. titular Chiru Puiu Adrian:<\/p>\n\n\n\n<figure class=\"wp-block-table\"><table><tbody><tr><td>12 I<\/td><td>Filozofie<\/td><td>1<\/td><\/tr><tr><td>IXM1prof<\/td><td>Logica<\/td><td>0,94<\/td><\/tr><tr><td>IXM2prof<\/td><td>Logica<\/td><td>0,94<\/td><\/tr><tr><td><\/td><td><\/td><td>2,88<\/td><\/tr><\/tbody><\/table><\/figure>\n\n\n\n<p><strong><u>Art.3<\/u><\/strong><strong>. <\/strong>Se aprob\u0103 aprob\u0103 repartizarea orelor TIC 3,76 &nbsp;ore r\u0103mase neocupate &nbsp;d-nei prof. titular Feren\u021b Laura:<\/p>\n\n\n\n<figure class=\"wp-block-table\"><table><tbody><tr><td>IXM1prof<\/td><td>1,88<\/td><\/tr><tr><td>IXM2prof<\/td><td>1,88<\/td><\/tr><\/tbody><\/table><\/figure>\n\n\n\n<p><strong><u>Art.4<\/u><\/strong><strong>. <\/strong>Se aprob\u0103 aprob\u0103 repartizarea orelor de instruire practic\u0103&nbsp; de Turism \u0219i alimenta\u021bie public\u0103\/Turism d-nei R\u0103u\u021b\u0103 Liliana&nbsp; prof. titular la C.T. \u201d Gr. Cob\u0103lcescu\u201d Moine\u0219ti:<\/p>\n\n\n\n<p><strong><u>Art.5<\/u><\/strong><strong>. <\/strong>Se aprob\u0103 aprob\u0103 repartizarea orelor de instruire practic\u0103&nbsp; de&nbsp; Transporturi\/ Conducerea automobilului astfel:<\/p>\n\n\n\n<p>-prof. pensionar&nbsp; Honciuc Mihai XIM&nbsp; lab M3 , Cond auto 8 elevi 12,71ore\/sapt<\/p>\n\n\n\n<p>-prof. Pruteanu Corneliu, titular la Liceul Tehnologic Tg. Ocna Cond auto 8 elevi 12,71ore\/sapt;<\/p>\n\n\n\n<p><strong><u>Art.6<\/u><\/strong><strong>. <\/strong>Se aprob\u0103 aprob\u0103 repartizarea orelor de instruire practic\u0103&nbsp; Mecanic\u0103\/Mecanic\u0103 astfel:<\/p>\n\n\n\n<p>-prof. titular Bejan Vasile<\/p>\n\n\n\n<figure class=\"wp-block-table\"><table><tbody><tr><td>9 M prof 1<\/td><td>M2 IP<\/td><td>2<\/td><td>32<\/td><td>64<\/td><td><\/td><\/tr><tr><td>10M prof2<\/td><td>M4 IP<\/td><td>4<\/td><td>28<\/td><td>112<\/td><td><\/td><\/tr><tr><td><\/td><td><\/td><td><\/td><td><\/td><td>176<\/td><td>5,176471<\/td><\/tr><\/tbody><\/table><\/figure>\n\n\n\n<p>-prof. titular Apetri Nu\u021ba<\/p>\n\n\n\n<figure class=\"wp-block-table\"><table><tbody><tr><td>9 M prof 1<\/td><td>M4 CDL IP<\/td><td>stagii<\/td><td>5<\/td><td>100<\/td><td><\/td><\/tr><tr><td>9 M prof 2<\/td><td>M2 IP<\/td><td>2<\/td><td>32<\/td><td>64<\/td><td><\/td><\/tr><tr><td>9 M prof 2<\/td><td>M4p CDL<\/td><td>stagii<\/td><td>5<\/td><td>100<\/td><td><\/td><\/tr><tr><td><\/td><td><\/td><td><\/td><td><\/td><td>264<\/td><td>7,764706<\/td><\/tr><\/tbody><\/table><\/figure>\n\n\n\n<p>-prof. titular Roman Doini\u021ba<\/p>\n\n\n\n<figure class=\"wp-block-table\"><table><tbody><tr><td>Roman Doinita<\/td><td><\/td><td><\/td><td><\/td><td><\/td><\/tr><tr><td>10M prof2<\/td><td>M1IP<\/td><td>4<\/td><td>28<\/td><td>112<\/td><td>3,294118<\/td><\/tr><tr><td><\/td><td><\/td><td><\/td><td><\/td><td><\/td><td><\/td><\/tr><\/tbody><\/table><\/figure>\n\n\n\n<p><strong><u>Art.7<\/u><\/strong><strong>. <\/strong>Cu ducerea la \u00eendeplinire a prezentei hot\u0103r\u00e2ri se \u00eencredin\u021beaz\u0103 directorul Liceului Tehnologic D\u0103rm\u0103ne\u0219ti \u0219i serviciul secretariat.<\/p>\n\n\n\n<p>&nbsp;&nbsp;&nbsp;&nbsp;&nbsp;&nbsp;&nbsp;&nbsp;&nbsp;&nbsp;&nbsp;&nbsp;&nbsp;&nbsp;&nbsp;&nbsp;&nbsp;&nbsp;&nbsp;&nbsp;&nbsp;&nbsp;&nbsp;&nbsp;&nbsp;&nbsp;&nbsp;&nbsp;&nbsp;&nbsp;&nbsp;&nbsp;&nbsp;&nbsp;&nbsp;&nbsp;&nbsp;&nbsp;&nbsp;&nbsp;&nbsp;&nbsp;&nbsp;&nbsp;&nbsp;&nbsp;&nbsp;&nbsp;&nbsp;&nbsp;&nbsp;&nbsp;&nbsp;&nbsp;&nbsp;&nbsp;&nbsp;&nbsp;&nbsp;&nbsp;&nbsp;&nbsp;&nbsp;&nbsp;&nbsp;&nbsp;&nbsp;&nbsp;&nbsp;&nbsp;&nbsp;&nbsp;&nbsp;&nbsp;&nbsp;&nbsp;&nbsp;&nbsp;&nbsp;&nbsp;&nbsp;&nbsp;&nbsp; Pre\u015fedinte C.A.<\/p>\n\n\n\n<p>&nbsp;&nbsp;&nbsp;&nbsp;&nbsp;&nbsp;&nbsp;&nbsp;&nbsp;&nbsp;&nbsp;&nbsp;&nbsp;&nbsp;&nbsp;&nbsp;&nbsp;&nbsp;&nbsp;&nbsp;&nbsp;&nbsp;&nbsp;&nbsp;&nbsp;&nbsp;&nbsp;&nbsp;&nbsp;&nbsp;&nbsp;&nbsp;&nbsp;&nbsp;&nbsp;&nbsp;&nbsp;&nbsp;&nbsp;&nbsp;&nbsp;&nbsp;&nbsp;&nbsp;&nbsp;&nbsp;&nbsp;&nbsp;&nbsp;&nbsp;&nbsp;&nbsp;&nbsp;&nbsp;&nbsp;&nbsp;&nbsp;&nbsp;&nbsp;&nbsp;&nbsp;&nbsp;&nbsp;&nbsp;&nbsp;&nbsp;&nbsp;&nbsp;&nbsp;&nbsp;&nbsp; &nbsp;&nbsp;&nbsp;&nbsp;&nbsp; Prof. Asandei Maria<\/p>\n\n\n\n<p>Nr. 1.1. din<strong> <\/strong><strong>Liceului Tehnologic D\u0103rm\u0103ne\u0219ti<\/strong><\/p>\n\n\n\n<p><strong>HO<\/strong><strong>T\u0102R\u00c2RE<\/strong><\/p>\n\n\n\n<p><strong>privind aprobarea repartiz\u0103rii la plata cu ora a catedrelor\/ orelor neocupate<\/strong><\/p>\n\n\n\n<p><strong>&nbsp;\u00een anul&nbsp; 2020-2021<\/strong><\/p>\n\n\n\n<p>Consiliul de Administra\u0163ie al Liceului Tehnologic D\u0103rm\u0103ne\u0219ti\u00eentrunit \u00een \u015fedin\u0163\u0103 ordinar\u0103,<\/p>\n\n\n\n<ul class=\"wp-block-list\"><li>Lu\u00e2nd \u00een considerare,<\/li><li>&nbsp;Art.93,&nbsp; 96 din Legea educa\u021biei na\u021bionale nr. 1\/2011,<\/li><\/ul>\n\n\n\n<p>Av\u00e2nd in vedere:<\/p>\n\n\n\n<ul class=\"wp-block-list\"><li>Art. 21, 22 din Regulamentul de organizare \u0219i func\u021bionare a unit\u0103\u021bilor de \u00eenv\u0103\u021b\u0103m\u00e2nt preuniversitar 2016 aprobat prin OMENC\u0218 nr. 5079\/ 2016 cu modificarile si completarile ulterioare;<\/li><li>Art 94 din Metodologia &#8211; cadru privind mobilitatea personalului didactic de predare din \u00eenv\u0103\u0163\u0103m\u00e2ntul preuniversitar \u00een anul \u015fcolar 2020-2021, Anex\u0103 la ordinul ministrului educa\u0163iei \u0219i cercet\u0103rii nr. 5259\/12.11.2019&nbsp; cu modific\u0103rile \u0219i complet\u0103rle ulterioare;<\/li><li>Neocuparea \u00een \u0219edin\u021bele publice p\u00e2n\u0103 la data de 06.09.2019;<\/li><li>Potrivit prevederilor art. 10 \u2013 12, art. 14 alin.(1) din Metodologia \u2013 cadru de organizare \u015fi func\u0163ionare&nbsp; a consiliului de administra\u0163ie din unit\u0103\u0163ile de \u00eenv\u0103\u0163\u0103m\u00e2nt preuniversitar, aprobat\u0103 prin OMEN nr. 4619 din 22 septembrie 2014 cu modific\u0103rile \u0219i complet\u0103rle ulterioare<\/li><li>Procesul-verbal de \u0219edin\u021b\u0103 al Consiliului de administra\u021bie din 01.09.2020;<\/li><\/ul>\n\n\n\n<p><strong>HOT\u0102R\u0102\u015eTE<\/strong><\/p>\n\n\n\n<p><strong><u>Art.1<\/u><\/strong><strong>. <\/strong>Se aprob\u0103 aprob\u0103 repartizarea orelor de fizic\u0103 r\u0103mase neocupate astfel:<\/p>\n\n\n\n<p>-prof. titular&nbsp; Mo\u021bei Elena&nbsp; 9,52 ore &nbsp;vacante:<\/p>\n\n\n\n<figure class=\"wp-block-table\"><table><tbody><tr><td>7B<\/td><td>2<\/td><\/tr><tr><td>6A<\/td><td>2<\/td><\/tr><tr><td>6B<\/td><td>2<\/td><\/tr><tr><td>IXM1prof<\/td><td>0,94<\/td><\/tr><tr><td>IXM2prof<\/td><td>0,94<\/td><\/tr><tr><td><em>X<\/em>M1prof<\/td><td>0,82<\/td><\/tr><tr><td>XM2prof<\/td><td>0,82<\/td><\/tr><\/tbody><\/table><\/figure>\n\n\n\n<p>-personal asociat ( laborant)&nbsp; Coman Marian 8,59 ore rezervate director:<\/p>\n\n\n\n<figure class=\"wp-block-table\"><table><tbody><tr><td>9T<\/td><td>2<\/td><\/tr><tr><td>9E<\/td><td>2<\/td><\/tr><tr><td>12I<\/td><td>3<\/td><\/tr><tr><td>XIM prof<\/td><td>1,59<\/td><\/tr><\/tbody><\/table><\/figure>\n\n\n\n<p><strong><u>Art.2<\/u><\/strong><strong>. <\/strong>Se aprob\u0103 aprob\u0103 repartizarea orelor de Logic\u0103, argumentare \u0219i comunicare&nbsp; r\u0103mase neocupate 1,8 ore d-lui prof. titular Chiru Puiu Adrian:<\/p>\n\n\n\n<figure class=\"wp-block-table\"><table><tbody><tr><td>12 I<\/td><td>Filozofie<\/td><td>1<\/td><\/tr><tr><td>IXM1prof<\/td><td>Logica<\/td><td>0,94<\/td><\/tr><tr><td>IXM2prof<\/td><td>Logica<\/td><td>0,94<\/td><\/tr><tr><td><\/td><td><\/td><td>2,88<\/td><\/tr><\/tbody><\/table><\/figure>\n\n\n\n<p><strong><u>Art.3<\/u><\/strong><strong>. <\/strong>Se aprob\u0103 aprob\u0103 repartizarea orelor TIC 3,76 &nbsp;ore r\u0103mase neocupate &nbsp;d-nei prof. titular Feren\u021b Laura:<\/p>\n\n\n\n<figure class=\"wp-block-table\"><table><tbody><tr><td>IXM1prof<\/td><td>1,88<\/td><\/tr><tr><td>IXM2prof<\/td><td>1,88<\/td><\/tr><\/tbody><\/table><\/figure>\n\n\n\n<p><strong><u>Art.4<\/u><\/strong><strong>. <\/strong>Se aprob\u0103 aprob\u0103 repartizarea orelor de instruire practic\u0103&nbsp; de Turism \u0219i alimenta\u021bie public\u0103\/Turism d-nei R\u0103u\u021b\u0103 Liliana&nbsp; prof. titular la C.T. \u201d Gr. Cob\u0103lcescu\u201d Moine\u0219ti:<\/p>\n\n\n\n<p><strong><u>Art.5<\/u><\/strong><strong>. <\/strong>Se aprob\u0103 aprob\u0103 repartizarea orelor de instruire practic\u0103&nbsp; de&nbsp; Transporturi\/ Conducerea automobilului astfel:<\/p>\n\n\n\n<p>-prof. pensionar&nbsp; Honciuc Mihai XIM&nbsp; lab M3 , Cond auto 8 elevi 12,71ore\/sapt<\/p>\n\n\n\n<p>-prof. Pruteanu Corneliu, titular la Liceul Tehnologic Tg. Ocna Cond auto 8 elevi 12,71ore\/sapt;<\/p>\n\n\n\n<p><strong><u>Art.6<\/u><\/strong><strong>. <\/strong>Se aprob\u0103 aprob\u0103 repartizarea orelor de instruire practic\u0103&nbsp; Mecanic\u0103\/Mecanic\u0103 astfel:<\/p>\n\n\n\n<p>-prof. titular Bejan Vasile<\/p>\n\n\n\n<figure class=\"wp-block-table\"><table><tbody><tr><td>9 M prof 1<\/td><td>M2 IP<\/td><td>2<\/td><td>32<\/td><td>64<\/td><td><\/td><\/tr><tr><td>10M prof2<\/td><td>M4 IP<\/td><td>4<\/td><td>28<\/td><td>112<\/td><td><\/td><\/tr><tr><td><\/td><td><\/td><td><\/td><td><\/td><td>176<\/td><td>5,176471<\/td><\/tr><\/tbody><\/table><\/figure>\n\n\n\n<p>-prof. titular Apetri Nu\u021ba<\/p>\n\n\n\n<figure class=\"wp-block-table\"><table><tbody><tr><td>9 M prof 1<\/td><td>M4 CDL IP<\/td><td>stagii<\/td><td>5<\/td><td>100<\/td><td><\/td><\/tr><tr><td>9 M prof 2<\/td><td>M2 IP<\/td><td>2<\/td><td>32<\/td><td>64<\/td><td><\/td><\/tr><tr><td>9 M prof 2<\/td><td>M4p CDL<\/td><td>stagii<\/td><td>5<\/td><td>100<\/td><td><\/td><\/tr><tr><td><\/td><td><\/td><td><\/td><td><\/td><td>264<\/td><td>7,764706<\/td><\/tr><\/tbody><\/table><\/figure>\n\n\n\n<p>-prof. titular Roman Doini\u021ba<\/p>\n\n\n\n<figure class=\"wp-block-table\"><table><tbody><tr><td>Roman Doinita<\/td><td><\/td><td><\/td><td><\/td><td><\/td><\/tr><tr><td>10M prof2<\/td><td>M1IP<\/td><td>4<\/td><td>28<\/td><td>112<\/td><td>3,294118<\/td><\/tr><tr><td><\/td><td><\/td><td><\/td><td><\/td><td><\/td><td><\/td><\/tr><\/tbody><\/table><\/figure>\n\n\n\n<p><strong><u>Art.7<\/u><\/strong><strong>. <\/strong>Cu ducerea la \u00eendeplinire a prezentei hot\u0103r\u00e2ri se \u00eencredin\u021beaz\u0103 directorul Liceului Tehnologic D\u0103rm\u0103ne\u0219ti \u0219i serviciul secretariat.<\/p>\n\n\n\n<p>&nbsp;&nbsp;&nbsp;&nbsp;&nbsp;&nbsp;&nbsp;&nbsp;&nbsp;&nbsp;&nbsp;&nbsp;&nbsp;&nbsp;&nbsp;&nbsp;&nbsp;&nbsp;&nbsp;&nbsp;&nbsp;&nbsp;&nbsp;&nbsp;&nbsp;&nbsp;&nbsp;&nbsp;&nbsp;&nbsp;&nbsp;&nbsp;&nbsp;&nbsp;&nbsp;&nbsp;&nbsp;&nbsp;&nbsp;&nbsp;&nbsp;&nbsp;&nbsp;&nbsp;&nbsp;&nbsp;&nbsp;&nbsp;&nbsp;&nbsp;&nbsp;&nbsp;&nbsp;&nbsp;&nbsp;&nbsp;&nbsp;&nbsp;&nbsp;&nbsp;&nbsp;&nbsp;&nbsp;&nbsp;&nbsp;&nbsp;&nbsp;&nbsp;&nbsp;&nbsp;&nbsp;&nbsp;&nbsp;&nbsp;&nbsp;&nbsp;&nbsp;&nbsp;&nbsp;&nbsp;&nbsp;&nbsp;&nbsp; Pre\u015fedinte C.A.<\/p>\n\n\n\n<p>&nbsp;&nbsp;&nbsp;&nbsp;&nbsp;&nbsp;&nbsp;&nbsp;&nbsp;&nbsp;&nbsp;&nbsp;&nbsp;&nbsp;&nbsp;&nbsp;&nbsp;&nbsp;&nbsp;&nbsp;&nbsp;&nbsp;&nbsp;&nbsp;&nbsp;&nbsp;&nbsp;&nbsp;&nbsp;&nbsp;&nbsp;&nbsp;&nbsp;&nbsp;&nbsp;&nbsp;&nbsp;&nbsp;&nbsp;&nbsp;&nbsp;&nbsp;&nbsp;&nbsp;&nbsp;&nbsp;&nbsp;&nbsp;&nbsp;&nbsp;&nbsp;&nbsp;&nbsp;&nbsp;&nbsp;&nbsp;&nbsp;&nbsp;&nbsp;&nbsp;&nbsp;&nbsp;&nbsp;&nbsp;&nbsp;&nbsp;&nbsp;&nbsp;&nbsp;&nbsp;&nbsp; &nbsp;&nbsp;&nbsp;&nbsp;&nbsp; Prof. Asandei Maria<\/p>\n\n\n\n<p>Nr. 1.1. din 01.09.2020<\/p>\n\n\n\n<p>( hot\u0103r\u00e2rea a fost adoptat\u0103 cu 15 voturi)<\/p>\n\n\n\n<p><\/p>\n","protected":false},"excerpt":{"rendered":"<p>Liceului Tehnologic D\u0103rm\u0103ne\u0219ti HOT\u0102R\u00c2RE privind aprobarea repartiz\u0103rii la plata cu ora a catedrelor\/ orelor neocupate &nbsp;\u00een anul&nbsp; 2020-2021 Consiliul de &hellip; <\/p>\n","protected":false},"author":1,"featured_media":0,"comment_status":"open","ping_status":"open","sticky":false,"template":"","format":"standard","meta":{"footnotes":""},"categories":[14],"tags":[],"class_list":["post-965","post","type-post","status-publish","format-standard","hentry","category-hotarari-ca"],"_links":{"self":[{"href":"https:\/\/liceuldarmanesti.ro\/edu\/wp-json\/wp\/v2\/posts\/965","targetHints":{"allow":["GET"]}}],"collection":[{"href":"https:\/\/liceuldarmanesti.ro\/edu\/wp-json\/wp\/v2\/posts"}],"about":[{"href":"https:\/\/liceuldarmanesti.ro\/edu\/wp-json\/wp\/v2\/types\/post"}],"author":[{"embeddable":true,"href":"https:\/\/liceuldarmanesti.ro\/edu\/wp-json\/wp\/v2\/users\/1"}],"replies":[{"embeddable":true,"href":"https:\/\/liceuldarmanesti.ro\/edu\/wp-json\/wp\/v2\/comments?post=965"}],"version-history":[{"count":0,"href":"https:\/\/liceuldarmanesti.ro\/edu\/wp-json\/wp\/v2\/posts\/965\/revisions"}],"wp:attachment":[{"href":"https:\/\/liceuldarmanesti.ro\/edu\/wp-json\/wp\/v2\/media?parent=965"}],"wp:term":[{"taxonomy":"category","embeddable":true,"href":"https:\/\/liceuldarmanesti.ro\/edu\/wp-json\/wp\/v2\/categories?post=965"},{"taxonomy":"post_tag","embeddable":true,"href":"https:\/\/liceuldarmanesti.ro\/edu\/wp-json\/wp\/v2\/tags?post=965"}],"curies":[{"name":"wp","href":"https:\/\/api.w.org\/{rel}","templated":true}]}}