{"id":981,"date":"2021-04-07T05:59:51","date_gmt":"2021-04-07T03:59:51","guid":{"rendered":"https:\/\/liceuldarmanesti.ro\/edu\/?p=981"},"modified":"2021-04-07T05:59:53","modified_gmt":"2021-04-07T03:59:53","slug":"h1-7-hotarare-aprobare-comisie-bursa-profesionala-01-09-2020","status":"publish","type":"post","link":"https:\/\/liceuldarmanesti.ro\/edu\/h1-7-hotarare-aprobare-comisie-bursa-profesionala-01-09-2020\/","title":{"rendered":"H1.7 Hotarare aprobare comisie bursa profesionala \/ 01.09.2020"},"content":{"rendered":"\n<p><strong>Liceului Tehnologic D\u0103rm\u0103ne\u0219ti<\/strong><\/p>\n\n\n\n<p><strong>HO<\/strong><strong>T\u0102R\u00c2RE<\/strong><\/p>\n\n\n\n<p><strong>privind aprobarea Comisiei <\/strong>&nbsp;<strong>de monitorizare a acord\u0103rii bursei profesionale<\/strong><\/p>\n\n\n\n<p><strong>&nbsp;\u00een anul&nbsp; 2020-2021<\/strong><\/p>\n\n\n\n<p>Consiliul de Administra\u0163ie al Liceului Tehnologic D\u0103rm\u0103ne\u0219ti \u00eentrunit \u00een \u015fedin\u0163\u0103 ordinar\u0103,<\/p>\n\n\n\n<ul class=\"wp-block-list\"><li>Lu\u00e2nd \u00een considerare,<\/li><li>&nbsp;Art.93,&nbsp; 96 din Legea educa\u021biei na\u021bionale nr. 1\/2011,<\/li><\/ul>\n\n\n\n<p>Av\u00e2nd in vedere:<\/p>\n\n\n\n<ul class=\"wp-block-list\"><li>Art. 21, 22 din Regulamentul de organizare \u0219i func\u021bionare a unit\u0103\u021bilor de \u00eenv\u0103\u021b\u0103m\u00e2nt preuniversitar 2016 aprobat prin OMENC\u0218 nr. 5079\/ 2016 cu modific\u0103rile \u0219i complet\u0103rile ulterioare;<\/li><li><a href=\"https:\/\/www.edu.ro\/sites\/default\/files\/_fi%C8%99iere\/Invatamant-Preuniversitar\/2016\/acces\/HG%201062_2012_Bursa_profesionala.pdf\">HG \u00a0nr. 951\/2017\u00a0<\/a> privind modalitatea de subven\u0163ionare de c\u0103tre stat a costurilor pentru elevii care frecventeaz\u0103 \u00eenv\u0103\u0163\u0103m\u00e2ntul profesional\u00a0\u00a0\u00a0\u00a0\u00a0\u00a0<\/li><\/ul>\n\n\n\n<ul class=\"wp-block-list\"><li>Potrivit prevederilor art. 10 \u2013 12, art. 14 alin.(1) din Metodologia \u2013 cadru de organizare \u015fi func\u0163ionare&nbsp; a consiliului de administra\u0163ie din unit\u0103\u0163ile de \u00eenv\u0103\u0163\u0103m\u00e2nt preuniversitar, aprobat\u0103 prin OMEN nr. 4619 din 22 septembrie 2014 cu modific\u0103rile \u015fi complet\u0103rile ulterioare;<\/li><li>Procesul-verbal de \u0219edin\u021b\u0103 al Consiliului de administra\u021bie din data de 01.09.2020;<\/li><\/ul>\n\n\n\n<p><strong>HOT\u0102R\u0102\u015eTE<\/strong><\/p>\n\n\n\n<p><strong><u>Art.1<\/u><\/strong><strong>. <\/strong>Se aprob\u0103 Comisia \u201dBursa Profesional\u0103\u201d la nivelul Liceului Tehnologic D\u0103rm\u0103ne\u0219ti &nbsp;\u00een anul \u015fcolar 2020 \u2013 2021 av\u00e2nd urm\u0103toarea componen\u021b\u0103:<\/p>\n\n\n\n<p>Pre\u0219edinte Prof. Gorb\u0103nescu Cristina-Mihaela \u2013 director adjunct<\/p>\n\n\n\n<p>Minc\u0103 Ana Maria -secretar<\/p>\n\n\n\n<p>Prof. Apetri Nu\u021ba<\/p>\n\n\n\n<p>Prof. Volmer Sorin<\/p>\n\n\n\n<p>Prof. Clit Andrei C\u0103t\u0103lin<\/p>\n\n\n\n<p>Prof. Roman Doini\u021ba<\/p>\n\n\n\n<p>Prof. Bejan Vasile<\/p>\n\n\n\n<p>Ast\u0103noaei M\u0103rioara \u2013 administrator financiar<\/p>\n\n\n\n<p><strong><u>Art.2<\/u><\/strong><strong>. <\/strong>Cu ducerea la \u00eendeplinire a prezentei hot\u0103r\u00e2ri se \u00eencredin\u021beaz\u0103 directorul Liceului Tehnologic D\u0103rm\u0103ne\u0219ti \u0219i responsabilul de comisie.<\/p>\n\n\n\n<p>&nbsp;&nbsp;&nbsp;&nbsp;&nbsp;&nbsp;&nbsp;&nbsp;&nbsp;&nbsp;&nbsp;&nbsp;&nbsp;&nbsp;&nbsp;&nbsp;&nbsp;&nbsp;&nbsp;&nbsp;&nbsp;&nbsp;&nbsp;&nbsp;&nbsp;&nbsp;&nbsp;&nbsp;&nbsp;&nbsp;&nbsp;&nbsp;&nbsp;&nbsp;&nbsp;&nbsp;&nbsp;&nbsp;&nbsp;&nbsp;&nbsp;&nbsp;&nbsp;&nbsp;&nbsp;&nbsp;&nbsp;&nbsp;&nbsp;&nbsp;&nbsp;&nbsp;&nbsp;&nbsp;&nbsp;&nbsp;&nbsp;&nbsp;&nbsp;&nbsp;&nbsp;&nbsp;&nbsp;&nbsp;&nbsp;&nbsp;&nbsp;&nbsp;&nbsp;&nbsp;&nbsp;&nbsp;&nbsp;&nbsp;&nbsp;&nbsp;&nbsp;&nbsp;&nbsp;&nbsp;&nbsp;&nbsp;&nbsp; Pre\u015fedinte C.A.<\/p>\n\n\n\n<p>&nbsp;&nbsp;&nbsp;&nbsp;&nbsp;&nbsp;&nbsp;&nbsp;&nbsp;&nbsp;&nbsp;&nbsp;&nbsp;&nbsp;&nbsp;&nbsp;&nbsp;&nbsp;&nbsp;&nbsp;&nbsp;&nbsp;&nbsp;&nbsp;&nbsp;&nbsp;&nbsp;&nbsp;&nbsp;&nbsp;&nbsp;&nbsp;&nbsp;&nbsp;&nbsp;&nbsp;&nbsp;&nbsp;&nbsp;&nbsp;&nbsp;&nbsp;&nbsp;&nbsp;&nbsp;&nbsp;&nbsp;&nbsp;&nbsp;&nbsp;&nbsp;&nbsp;&nbsp;&nbsp;&nbsp;&nbsp;&nbsp;&nbsp;&nbsp;&nbsp;&nbsp;&nbsp;&nbsp;&nbsp;&nbsp;&nbsp;&nbsp;&nbsp;&nbsp;&nbsp;&nbsp; &nbsp;&nbsp;&nbsp;&nbsp;&nbsp; Prof. Asandei Maria<\/p>\n\n\n\n<p>Nr. 1.7. din 01.09.2020<\/p>\n\n\n\n<p>( hot\u0103r\u00e2rea a fost adoptat\u0103 cu 15 voturi)<\/p>\n","protected":false},"excerpt":{"rendered":"<p>Liceului Tehnologic D\u0103rm\u0103ne\u0219ti HOT\u0102R\u00c2RE privind aprobarea Comisiei &nbsp;de monitorizare a acord\u0103rii bursei profesionale &nbsp;\u00een anul&nbsp; 2020-2021 Consiliul de Administra\u0163ie al &hellip; <\/p>\n","protected":false},"author":1,"featured_media":0,"comment_status":"open","ping_status":"open","sticky":false,"template":"","format":"standard","meta":{"footnotes":""},"categories":[14],"tags":[],"class_list":["post-981","post","type-post","status-publish","format-standard","hentry","category-hotarari-ca"],"_links":{"self":[{"href":"https:\/\/liceuldarmanesti.ro\/edu\/wp-json\/wp\/v2\/posts\/981","targetHints":{"allow":["GET"]}}],"collection":[{"href":"https:\/\/liceuldarmanesti.ro\/edu\/wp-json\/wp\/v2\/posts"}],"about":[{"href":"https:\/\/liceuldarmanesti.ro\/edu\/wp-json\/wp\/v2\/types\/post"}],"author":[{"embeddable":true,"href":"https:\/\/liceuldarmanesti.ro\/edu\/wp-json\/wp\/v2\/users\/1"}],"replies":[{"embeddable":true,"href":"https:\/\/liceuldarmanesti.ro\/edu\/wp-json\/wp\/v2\/comments?post=981"}],"version-history":[{"count":0,"href":"https:\/\/liceuldarmanesti.ro\/edu\/wp-json\/wp\/v2\/posts\/981\/revisions"}],"wp:attachment":[{"href":"https:\/\/liceuldarmanesti.ro\/edu\/wp-json\/wp\/v2\/media?parent=981"}],"wp:term":[{"taxonomy":"category","embeddable":true,"href":"https:\/\/liceuldarmanesti.ro\/edu\/wp-json\/wp\/v2\/categories?post=981"},{"taxonomy":"post_tag","embeddable":true,"href":"https:\/\/liceuldarmanesti.ro\/edu\/wp-json\/wp\/v2\/tags?post=981"}],"curies":[{"name":"wp","href":"https:\/\/api.w.org\/{rel}","templated":true}]}}