{"id":985,"date":"2021-04-07T06:02:45","date_gmt":"2021-04-07T04:02:45","guid":{"rendered":"https:\/\/liceuldarmanesti.ro\/edu\/?p=985"},"modified":"2021-04-07T06:02:47","modified_gmt":"2021-04-07T04:02:47","slug":"h2-2-hotarare-privind-desemnarea-responsabilului-covid-07-09-2020","status":"publish","type":"post","link":"https:\/\/liceuldarmanesti.ro\/edu\/h2-2-hotarare-privind-desemnarea-responsabilului-covid-07-09-2020\/","title":{"rendered":"H2.2  Hotarare privind desemnarea responsabilului Covid  \/ 07.09.2020"},"content":{"rendered":"\n<p><strong>Consiliul de Administra\u0163ie al<\/strong><\/p>\n\n\n\n<p><strong>Liceului Tehnologic D\u0103rm\u0103ne\u0219ti<\/strong><\/p>\n\n\n\n<p><strong>HO<\/strong><strong>T\u0102R\u00c2RE<\/strong><\/p>\n\n\n\n<p><strong>privind desemnarea responsabilului care coordoneaz\u0103 activitatea de prevenire a infec\u021bei cu SARS-COV-2 contextul pandemiei<\/strong><\/p>\n\n\n\n<p>Consiliul de Administra\u0163ie al <strong>Liceului Tehnologic D\u0103rm\u0103ne\u0219ti <\/strong>\u00eentrunit \u00een \u015fedin\u0163\u0103 extraordinar\u0103,<\/p>\n\n\n\n<p>Av\u00e2nd in vedere:<\/p>\n\n\n\n<ul class=\"wp-block-list\"><li>Legea educa\u021biei na\u021bionale nr. 1\/2011,&nbsp; art 96,&nbsp; cu complet\u0103rile \u0219i modific\u0103rile ulterioare,<\/li><li>Regulamentul de organizare \u0219i func\u021bionare a unit\u0103\u021bilor de \u00eenv\u0103\u021b\u0103m\u00e2nt preuniversitar aprobat prin OMEN 5079\/2016 cu modificarile si completarile ulterioare.<\/li><li>Ordinul comum al MEC si MS 5487\/1494 din 31.08.2020 pentru aprobarea m\u0103surilor de organizare a activit\u0103\u021bii \u00een cadrul institu\u021biilor de \u00eenv\u0219\u021b\u0103m\u00e2nt&nbsp; \u00een condi\u021bii de siguran\u021b\u0103 epidemiologic\u0103 pentru prevenirea \u00eemboln\u0103virilor cu virusul SARS-COV-2 ;<\/li><li>Procesul-verbal de \u0219edin\u021b\u0103 al Consiliului de administra\u021bie din 07.09.2020:<\/li><\/ul>\n\n\n\n<p>Potrivit prevederilor art. 10 \u2013 12, art. 14 alin.(1) din Metodologia \u2013 cadru de organizare \u015fi func\u0163ionare&nbsp; a consiliului de administra\u0163ie din unit\u0103\u0163ile de \u00eenv\u0103\u0163\u0103m\u00e2nt preuniversitar, aprobat\u0103 prin OMEN nr. 4619 din 22 septembrie 2014 cu modific\u0103rile ulterioare<\/p>\n\n\n\n<p><strong><u>HOT\u0102R\u0102\u0218TE:<\/u><\/strong><\/p>\n\n\n\n<p><strong><u>Art.1<\/u><\/strong> D-ra Mo\u021bei Elena, profesor de biologie este desemnat\u0103 ca persoan\u0103 responsabil\u0103 de coordonarea&nbsp; activit\u0103\u021bii de prevenire a infec\u021biei cu&nbsp; virusul SARS-COV-2 la nivelul Liceului Tehnologic D\u0103rm\u0103ne\u0219ti<\/p>\n\n\n\n<p><strong><u>Art.2<\/u><\/strong> Cu aducerea la \u00eendeplinire a prezentei hot\u0103r\u00e2ri se \u00eencredin\u021beaz\u0103 directorul \u0219i serviciul secretariat.<\/p>\n\n\n\n<p>PRE\u0218EDINTE&nbsp; CA,<\/p>\n\n\n\n<p>Director prof. Asandei Maria<\/p>\n\n\n\n<p>&nbsp;Hot\u0103r\u00e2rea Nr. 2.2&nbsp; din 07.09.2020<\/p>\n\n\n\n<p>( hot\u0103r\u00e2rea a fost adoptat\u0103 cu 15 voturi)<\/p>\n","protected":false},"excerpt":{"rendered":"<p>Consiliul de Administra\u0163ie al Liceului Tehnologic D\u0103rm\u0103ne\u0219ti HOT\u0102R\u00c2RE privind desemnarea responsabilului care coordoneaz\u0103 activitatea de prevenire a infec\u021bei cu SARS-COV-2 &hellip; <\/p>\n","protected":false},"author":1,"featured_media":0,"comment_status":"open","ping_status":"open","sticky":false,"template":"","format":"standard","meta":{"footnotes":""},"categories":[14],"tags":[],"class_list":["post-985","post","type-post","status-publish","format-standard","hentry","category-hotarari-ca"],"_links":{"self":[{"href":"https:\/\/liceuldarmanesti.ro\/edu\/wp-json\/wp\/v2\/posts\/985","targetHints":{"allow":["GET"]}}],"collection":[{"href":"https:\/\/liceuldarmanesti.ro\/edu\/wp-json\/wp\/v2\/posts"}],"about":[{"href":"https:\/\/liceuldarmanesti.ro\/edu\/wp-json\/wp\/v2\/types\/post"}],"author":[{"embeddable":true,"href":"https:\/\/liceuldarmanesti.ro\/edu\/wp-json\/wp\/v2\/users\/1"}],"replies":[{"embeddable":true,"href":"https:\/\/liceuldarmanesti.ro\/edu\/wp-json\/wp\/v2\/comments?post=985"}],"version-history":[{"count":0,"href":"https:\/\/liceuldarmanesti.ro\/edu\/wp-json\/wp\/v2\/posts\/985\/revisions"}],"wp:attachment":[{"href":"https:\/\/liceuldarmanesti.ro\/edu\/wp-json\/wp\/v2\/media?parent=985"}],"wp:term":[{"taxonomy":"category","embeddable":true,"href":"https:\/\/liceuldarmanesti.ro\/edu\/wp-json\/wp\/v2\/categories?post=985"},{"taxonomy":"post_tag","embeddable":true,"href":"https:\/\/liceuldarmanesti.ro\/edu\/wp-json\/wp\/v2\/tags?post=985"}],"curies":[{"name":"wp","href":"https:\/\/api.w.org\/{rel}","templated":true}]}}