{"id":994,"date":"2021-04-07T06:28:21","date_gmt":"2021-04-07T04:28:21","guid":{"rendered":"https:\/\/liceuldarmanesti.ro\/edu\/?p=994"},"modified":"2021-04-07T06:28:36","modified_gmt":"2021-04-07T04:28:36","slug":"h2-6-hotarare-privind-aprobarea-schemei-de-incadrare-cu-personal-07-09-2020","status":"publish","type":"post","link":"https:\/\/liceuldarmanesti.ro\/edu\/h2-6-hotarare-privind-aprobarea-schemei-de-incadrare-cu-personal-07-09-2020\/","title":{"rendered":"H2.6 Hotarare privind aprobarea schemei de \u00eencadrare cu personal \/ 07.09.2020"},"content":{"rendered":"\n<p><strong>Consiliul de Administra\u0163ie al<\/strong><\/p>\n\n\n\n<p><strong>Liceului Tehnologic D\u0103rm\u0103ne\u0219ti<\/strong><\/p>\n\n\n\n<p><strong>HO<\/strong><strong>T\u0102R\u00c2RE<\/strong><\/p>\n\n\n\n<p>privind aprobarea schemei de \u00eencadrare<strong> cu personal<\/strong><\/p>\n\n\n\n<p>Consiliul de Administra\u0163ie al <strong>Liceului Tehnologic D\u0103rm\u0103ne\u0219ti <\/strong>\u00eentrunit \u00een \u015fedin\u0163\u0103 extraordinar\u0103,<\/p>\n\n\n\n<p>Av\u00e2nd in vedere:<\/p>\n\n\n\n<ul class=\"wp-block-list\"><li>Legea educa\u021biei na\u021bionale nr. 1\/2011,\u00a0 art 96,\u00a0 cu complet\u0103rile \u0219i modific\u0103rile ulterioare,<\/li><li>Regulamentul de organizare \u0219i func\u021bionare a unit\u0103\u021bilor de \u00eenv\u0103\u021b\u0103m\u00e2nt preuniversitar aprobat prin OMEN 5079\/2016 cu modific\u0103rile si complet\u0103rile ulterioare.<\/li><li>Potrivit prevederilor art. 10 \u2013 12, art. 14 alin.(1) din Metodologia \u2013 cadru de organizare \u015fi func\u0163ionare\u00a0 a consiliului de administra\u0163ie din unit\u0103\u0163ile de \u00eenv\u0103\u0163\u0103m\u00e2nt preuniversitar, aprobat\u0103 prin OMEN nr. 4619 din 22 septembrie 2014<\/li><\/ul>\n\n\n\n<ul class=\"wp-block-list\"><li>Procesul-verbal de \u0219edin\u021ba al Consiliului de administra\u021bie din 07.09.2020<\/li><\/ul>\n\n\n\n<p><strong>HOT\u0102R\u0102\u015eTE<\/strong><\/p>\n\n\n\n<p> <strong><u>Art.1<\/u>. <\/strong>Se aprob\u0103 schema de incadrare cu personal de la\u00a0 Liceului Tehnologic D\u0103rm\u0103ne\u0219ti.<\/p>\n\n\n\n<p><strong><u>Art.2.<\/u><\/strong><strong> <\/strong>Cu ducerea la indeplinire a prevederilor prezentei hot\u0103r\u00e2ri se \u00eencredin\u021beaz\u0103 directorul unit\u0103\u021bii de \u00eenv\u0103\u021b\u0103m\u00e2nt\u0219i secretarul \u0219ef- responsabil resurse umane.<\/p>\n\n\n\n<p>PRE\u0218EDINTE&nbsp; CA,<\/p>\n\n\n\n<p>Director prof. Asandei Maria<\/p>\n\n\n\n<p>&nbsp;Hot\u0103r\u00e2rea Nr. 2.6 din 07.09.2020<\/p>\n\n\n\n<p>( hot\u0103r\u00e2rea a fost adoptat\u0103 cu 15 voturi)<\/p>\n","protected":false},"excerpt":{"rendered":"<p>Consiliul de Administra\u0163ie al Liceului Tehnologic D\u0103rm\u0103ne\u0219ti HOT\u0102R\u00c2RE privind aprobarea schemei de \u00eencadrare cu personal Consiliul de Administra\u0163ie al Liceului &hellip; <\/p>\n","protected":false},"author":1,"featured_media":0,"comment_status":"open","ping_status":"open","sticky":false,"template":"","format":"standard","meta":{"footnotes":""},"categories":[14],"tags":[],"class_list":["post-994","post","type-post","status-publish","format-standard","hentry","category-hotarari-ca"],"_links":{"self":[{"href":"https:\/\/liceuldarmanesti.ro\/edu\/wp-json\/wp\/v2\/posts\/994","targetHints":{"allow":["GET"]}}],"collection":[{"href":"https:\/\/liceuldarmanesti.ro\/edu\/wp-json\/wp\/v2\/posts"}],"about":[{"href":"https:\/\/liceuldarmanesti.ro\/edu\/wp-json\/wp\/v2\/types\/post"}],"author":[{"embeddable":true,"href":"https:\/\/liceuldarmanesti.ro\/edu\/wp-json\/wp\/v2\/users\/1"}],"replies":[{"embeddable":true,"href":"https:\/\/liceuldarmanesti.ro\/edu\/wp-json\/wp\/v2\/comments?post=994"}],"version-history":[{"count":0,"href":"https:\/\/liceuldarmanesti.ro\/edu\/wp-json\/wp\/v2\/posts\/994\/revisions"}],"wp:attachment":[{"href":"https:\/\/liceuldarmanesti.ro\/edu\/wp-json\/wp\/v2\/media?parent=994"}],"wp:term":[{"taxonomy":"category","embeddable":true,"href":"https:\/\/liceuldarmanesti.ro\/edu\/wp-json\/wp\/v2\/categories?post=994"},{"taxonomy":"post_tag","embeddable":true,"href":"https:\/\/liceuldarmanesti.ro\/edu\/wp-json\/wp\/v2\/tags?post=994"}],"curies":[{"name":"wp","href":"https:\/\/api.w.org\/{rel}","templated":true}]}}