{"id":996,"date":"2021-04-07T06:29:50","date_gmt":"2021-04-07T04:29:50","guid":{"rendered":"https:\/\/liceuldarmanesti.ro\/edu\/?p=996"},"modified":"2021-04-07T06:30:15","modified_gmt":"2021-04-07T04:30:15","slug":"h2-7-hotarare-privind-aprobarea-fisei-de-incadrare-07-09-2020","status":"publish","type":"post","link":"https:\/\/liceuldarmanesti.ro\/edu\/h2-7-hotarare-privind-aprobarea-fisei-de-incadrare-07-09-2020\/","title":{"rendered":"H2.7 Hotarare privind aprobarea Fisei de \u00eencadrare \/ 07.09.2020"},"content":{"rendered":"\n<p><strong>Consiliul de Administra\u0163ie al<\/strong><\/p>\n\n\n\n<p><strong>Liceului Tehnologic D\u0103rm\u0103ne\u0219ti<\/strong><\/p>\n\n\n\n<p><strong>HO<\/strong><strong>T\u0102R\u00c2RE<\/strong><\/p>\n\n\n\n<p><strong>privind aprobarea Fi\u0219ei de \u00eencadrare cu personalul didactic<\/strong><\/p>\n\n\n\n<p><strong>&nbsp;\u00een anul \u0219colar 2020-2021<\/strong><\/p>\n\n\n\n<p>Consiliul de Administra\u0163ie al <strong>Liceului Tehnologic D\u0103rm\u0103ne\u0219ti <\/strong>\u00eentrunit \u00een \u015fedin\u0163\u0103 extraordinar\u0103,<\/p>\n\n\n\n<p>Av\u00e2nd in vedere:<\/p>\n\n\n\n<ul class=\"wp-block-list\"><li>Legea educa\u021biei na\u021bionale nr. 1\/2011,&nbsp; art 96,&nbsp; cu complet\u0103rile \u0219i modific\u0103rile ulterioare,<\/li><li>Regulamentul de organizare \u0219i func\u021bionare a unit\u0103\u021bilor de \u00eenv\u0103\u021b\u0103m\u00e2nt preuniversitar aprobat prin OMEN 5079\/2016 cu modificarile si completarile ulterioare.<\/li><\/ul>\n\n\n\n<ul class=\"wp-block-list\"><li>Metodologia &#8211; cadru privind mobilitatea personalului didactic de predare din \u00eenv\u0103\u0163\u0103m\u00e2ntul preuniversitar \u00een anul \u015fcolar 2020-2021, Anexa la OMEC nr. 5259\/12.11.2019<\/li><\/ul>\n\n\n\n<p>Potrivit prevederilor art. 10 \u2013 12, art. 14 alin.(1) din Metodologia \u2013 cadru de organizare \u015fi func\u0163ionare&nbsp; a consiliului de administra\u0163ie din unit\u0103\u0163ile de \u00eenv\u0103\u0163\u0103m\u00e2nt preuniversitar, aprobat\u0103 prin OMEN nr. 4619 din 22 septembrie 2014 cu modific\u0103rile \u0219i complet\u0103rile ulterioare;<\/p>\n\n\n\n<ul class=\"wp-block-list\"><li>Procesul-verbal de \u0219edint\u0103 al Consiliului de administra\u021bie din 07.09.2020<\/li><\/ul>\n\n\n\n<p><strong>HOT\u0102R\u0102\u015eTE<\/strong><\/p>\n\n\n\n<p><strong><u>Art.1<\/u>. <\/strong>Se aprob\u0103 Fi\u0219a de incadrare cu personal \u00a0didactic de la Liceul Tehnologic D\u0103rm\u0103ne\u0219ti \u00een anul \u0219colar 2020-2021.<\/p>\n\n\n\n<p><strong><u>Art.2.<\/u><\/strong><strong> <\/strong>Cu ducerea la indeplinire a prevederilor prezentei hot\u0103r\u00e2ri se \u00eencredin\u021beaz\u0103 directorul unit\u0103\u021bii de \u00eenv\u0103\u021b\u0103m\u00e2nt.<\/p>\n\n\n\n<p>PRE\u0218EDINTE&nbsp; CA,<\/p>\n\n\n\n<p>Director prof. Asandei Maria<\/p>\n\n\n\n<p>&nbsp;Hot\u0103r\u00e2rea Nr. 2.7&nbsp; din 07.09.2020<\/p>\n\n\n\n<p>( hot\u0103r\u00e2rea a fost adoptat\u0103 cu 15 voturi)<\/p>\n","protected":false},"excerpt":{"rendered":"<p>Consiliul de Administra\u0163ie al Liceului Tehnologic D\u0103rm\u0103ne\u0219ti HOT\u0102R\u00c2RE privind aprobarea Fi\u0219ei de \u00eencadrare cu personalul didactic &nbsp;\u00een anul \u0219colar 2020-2021 &hellip; <\/p>\n","protected":false},"author":1,"featured_media":0,"comment_status":"open","ping_status":"open","sticky":false,"template":"","format":"standard","meta":{"footnotes":""},"categories":[14],"tags":[],"class_list":["post-996","post","type-post","status-publish","format-standard","hentry","category-hotarari-ca"],"_links":{"self":[{"href":"https:\/\/liceuldarmanesti.ro\/edu\/wp-json\/wp\/v2\/posts\/996","targetHints":{"allow":["GET"]}}],"collection":[{"href":"https:\/\/liceuldarmanesti.ro\/edu\/wp-json\/wp\/v2\/posts"}],"about":[{"href":"https:\/\/liceuldarmanesti.ro\/edu\/wp-json\/wp\/v2\/types\/post"}],"author":[{"embeddable":true,"href":"https:\/\/liceuldarmanesti.ro\/edu\/wp-json\/wp\/v2\/users\/1"}],"replies":[{"embeddable":true,"href":"https:\/\/liceuldarmanesti.ro\/edu\/wp-json\/wp\/v2\/comments?post=996"}],"version-history":[{"count":0,"href":"https:\/\/liceuldarmanesti.ro\/edu\/wp-json\/wp\/v2\/posts\/996\/revisions"}],"wp:attachment":[{"href":"https:\/\/liceuldarmanesti.ro\/edu\/wp-json\/wp\/v2\/media?parent=996"}],"wp:term":[{"taxonomy":"category","embeddable":true,"href":"https:\/\/liceuldarmanesti.ro\/edu\/wp-json\/wp\/v2\/categories?post=996"},{"taxonomy":"post_tag","embeddable":true,"href":"https:\/\/liceuldarmanesti.ro\/edu\/wp-json\/wp\/v2\/tags?post=996"}],"curies":[{"name":"wp","href":"https:\/\/api.w.org\/{rel}","templated":true}]}}